{"id":83374,"date":"2025-03-05T00:55:20","date_gmt":"2025-03-05T03:55:20","guid":{"rendered":"https:\/\/vocesparalelas.com.ar\/sitio\/?p=83374"},"modified":"2025-03-05T00:55:20","modified_gmt":"2025-03-05T03:55:20","slug":"osse-solicita-extremar-el-cuidado-del-agua-potable-en-los-departamentos-rivadavia-y-chimbas","status":"publish","type":"post","link":"https:\/\/vocesparalelas.com.ar\/sitio\/osse-solicita-extremar-el-cuidado-del-agua-potable-en-los-departamentos-rivadavia-y-chimbas\/","title":{"rendered":"OSSE solicita extremar el cuidado del Agua Potable en los Departamentos Rivadavia y Chimbas"},"content":{"rendered":"<p>OSSE San Juan informa que debido a las recientes lluvias provoc\u00f3 una bajada de creciente en Ullum con alto grado de turbiedad, por lo que personal de la Empresa realiz\u00f3 maniobras preventivas para controlar el ingreso con alto grado de greda a la planta potabilizadora Marquesado.<\/p>\n<p>Estas acciones afectan la producci\u00f3n de Agua Potable, disminuyendo los niveles de reserva como as\u00ed tambi\u00e9n al normal suministro en los hogares.<\/p>\n<p><strong><span style=\"color: #0000ff;\">Zonas afectadas<\/span><\/strong><\/p>\n<ul>\n<li>Zona Oeste del Departamentos Rivadavia y Chimbas Coll, San Miguel, Rep\u00fablica del L\u00edbano y Cal\u00edvar.<\/li>\n<\/ul>\n<p>OSSE solicita a los usuarios extremar el cuidado de la reserva del tanque domiciliario, priorizando el consumo de Agua Potable para actividades b\u00e1sicas de bebida, higiene y alimentaci\u00f3n.<\/p>\n<p><span style=\"color: #0000ff;\"><strong>Contactos<\/strong><\/span><\/p>\n<ul>\n<li>264 506 4444<\/li>\n<li>0800-222-6773<\/li>\n<\/ul>\n<p><img loading=\"lazy\" decoding=\"async\" class=\"alignnone size-large wp-image-18050\" src=\"https:\/\/vocesparalelas.com.ar\/sitio\/wp-content\/uploads\/2019\/01\/OSSE-LOGO-800x503.jpg\" alt=\"\" width=\"800\" height=\"503\" srcset=\"https:\/\/vocesparalelas.com.ar\/sitio\/wp-content\/uploads\/2019\/01\/OSSE-LOGO-800x503.jpg 800w, https:\/\/vocesparalelas.com.ar\/sitio\/wp-content\/uploads\/2019\/01\/OSSE-LOGO-300x189.jpg 300w, https:\/\/vocesparalelas.com.ar\/sitio\/wp-content\/uploads\/2019\/01\/OSSE-LOGO-768x483.jpg 768w, https:\/\/vocesparalelas.com.ar\/sitio\/wp-content\/uploads\/2019\/01\/OSSE-LOGO.jpg 1000w\" sizes=\"auto, (max-width: 800px) 100vw, 800px\" \/><\/p>\n<p>&nbsp;<\/p>\n","protected":false},"excerpt":{"rendered":"<p>OSSE San Juan informa que debido a las recientes lluvias provoc\u00f3 una bajada de creciente en Ullum con alto grado<\/p>\n","protected":false},"author":3,"featured_media":32622,"comment_status":"closed","ping_status":"closed","sticky":false,"template":"","format":"standard","meta":{"_acf_changed":false,"_seopress_robots_primary_cat":"none","_seopress_titles_title":"","_seopress_titles_desc":"","_seopress_robots_index":"","colormag_page_container_layout":"default_layout","colormag_page_sidebar_layout":"default_layout","footnotes":""},"categories":[6],"tags":[],"class_list":["post-83374","post","type-post","status-publish","format-standard","has-post-thumbnail","hentry","category-eventos"],"acf":[],"_links":{"self":[{"href":"https:\/\/vocesparalelas.com.ar\/sitio\/wp-json\/wp\/v2\/posts\/83374","targetHints":{"allow":["GET"]}}],"collection":[{"href":"https:\/\/vocesparalelas.com.ar\/sitio\/wp-json\/wp\/v2\/posts"}],"about":[{"href":"https:\/\/vocesparalelas.com.ar\/sitio\/wp-json\/wp\/v2\/types\/post"}],"author":[{"embeddable":true,"href":"https:\/\/vocesparalelas.com.ar\/sitio\/wp-json\/wp\/v2\/users\/3"}],"replies":[{"embeddable":true,"href":"https:\/\/vocesparalelas.com.ar\/sitio\/wp-json\/wp\/v2\/comments?post=83374"}],"version-history":[{"count":1,"href":"https:\/\/vocesparalelas.com.ar\/sitio\/wp-json\/wp\/v2\/posts\/83374\/revisions"}],"predecessor-version":[{"id":83380,"href":"https:\/\/vocesparalelas.com.ar\/sitio\/wp-json\/wp\/v2\/posts\/83374\/revisions\/83380"}],"wp:featuredmedia":[{"embeddable":true,"href":"https:\/\/vocesparalelas.com.ar\/sitio\/wp-json\/wp\/v2\/media\/32622"}],"wp:attachment":[{"href":"https:\/\/vocesparalelas.com.ar\/sitio\/wp-json\/wp\/v2\/media?parent=83374"}],"wp:term":[{"taxonomy":"category","embeddable":true,"href":"https:\/\/vocesparalelas.com.ar\/sitio\/wp-json\/wp\/v2\/categories?post=83374"},{"taxonomy":"post_tag","embeddable":true,"href":"https:\/\/vocesparalelas.com.ar\/sitio\/wp-json\/wp\/v2\/tags?post=83374"}],"curies":[{"name":"wp","href":"https:\/\/api.w.org\/{rel}","templated":true}]}}