{"id":83363,"date":"2025-03-04T20:34:50","date_gmt":"2025-03-04T23:34:50","guid":{"rendered":"https:\/\/vocesparalelas.com.ar\/sitio\/?p=83363"},"modified":"2025-03-05T22:42:12","modified_gmt":"2025-03-06T01:42:12","slug":"las-empresas-deben-confiar-en-que-contaran-con-seguridad-juridica-y-reglas-de-juego-claras","status":"publish","type":"post","link":"https:\/\/vocesparalelas.com.ar\/sitio\/las-empresas-deben-confiar-en-que-contaran-con-seguridad-juridica-y-reglas-de-juego-claras\/","title":{"rendered":"\u00abLas empresas deben confiar en que contar\u00e1n con seguridad jur\u00eddica y reglas de juego claras\u201d"},"content":{"rendered":"<p>En una nueva disertaci\u00f3n, en el marco de la intensa agenda que ofrece la PDAC 2025 en Canad\u00e1, el gobernador de San Juan, Rep\u00fablica Argentina, Dr. Marcelo Orrego, particip\u00f3 en un evento organizado por el Canadian Council of the Americas, que re\u00fane a las empresas m\u00e1s importantes de Canad\u00e1, junto a Gowling WLG, uno de los estudios de abogados m\u00e1s prestigiosos del mundo en miner\u00eda.<\/p>\n<p>Al igual que en la jornada anterior, el gobernador de San Juan, Dr. Marcelo Orrego, estuvo acompa\u00f1ado en distintos paneles por otros gobernadores y autoridades nacionales que integran la delegaci\u00f3n\u00a0 de Argentina, entre ellas la secretaria general de la Presidencia, Carina Milei.<\/p>\n<p>El gobernador destac\u00f3 que \u00abeste es un momento clave para el mundo y el pa\u00eds en la concreci\u00f3n de proyectos y avances. El momento de invertir es ahora, y San Juan cuenta con todo lo necesario para recibir a los inversores con los brazos abiertos. La importancia de generar confianza mutua entre los inversores y la sociedad. La confianza lo es todo. Nuestra gente necesita confiar en que tendr\u00e1 oportunidades para sus trabajadores y proveedores, y tambi\u00e9n en que se har\u00e1 miner\u00eda responsable. A su vez, las empresas deben confiar en que contar\u00e1n con seguridad jur\u00eddica y reglas de juego claras\u201d.<\/p>\n<p>La agenda del Martes, 04 de Marzo, se complet\u00f3 con una visita a la Bolsa de Valores de Toronto, el principal centro de financiamiento burs\u00e1til para miner\u00eda. En horas de la tarde, la delegaci\u00f3n de Argentina particip\u00f3 en una mesa de consultas e intercambio con empresas e inversores mineros que a\u00fan no operan en Argentina, pero que est\u00e1n listados en el Toronto Stock Exchange &#8211; TSX -, donde buscan financiamiento para sus proyectos.<\/p>\n<p><img loading=\"lazy\" decoding=\"async\" class=\"alignnone size-full wp-image-83098\" src=\"https:\/\/vocesparalelas.com.ar\/sitio\/wp-content\/uploads\/2025\/02\/CANADA-PDAC-2025.png\" alt=\"\" width=\"800\" height=\"559\" srcset=\"https:\/\/vocesparalelas.com.ar\/sitio\/wp-content\/uploads\/2025\/02\/CANADA-PDAC-2025.png 800w, https:\/\/vocesparalelas.com.ar\/sitio\/wp-content\/uploads\/2025\/02\/CANADA-PDAC-2025-300x210.png 300w, https:\/\/vocesparalelas.com.ar\/sitio\/wp-content\/uploads\/2025\/02\/CANADA-PDAC-2025-768x537.png 768w, https:\/\/vocesparalelas.com.ar\/sitio\/wp-content\/uploads\/2025\/02\/CANADA-PDAC-2025-130x90.png 130w\" sizes=\"auto, (max-width: 800px) 100vw, 800px\" \/><\/p>\n","protected":false},"excerpt":{"rendered":"<p>En una nueva disertaci\u00f3n, en el marco de la intensa agenda que ofrece la PDAC 2025 en Canad\u00e1, el gobernador<\/p>\n","protected":false},"author":3,"featured_media":83366,"comment_status":"closed","ping_status":"closed","sticky":false,"template":"","format":"standard","meta":{"_acf_changed":false,"_seopress_robots_primary_cat":"none","_seopress_titles_title":"","_seopress_titles_desc":"","_seopress_robots_index":"","colormag_page_container_layout":"default_layout","colormag_page_sidebar_layout":"default_layout","footnotes":""},"categories":[2],"tags":[],"class_list":["post-83363","post","type-post","status-publish","format-standard","has-post-thumbnail","hentry","category-convocatorias"],"acf":[],"_links":{"self":[{"href":"https:\/\/vocesparalelas.com.ar\/sitio\/wp-json\/wp\/v2\/posts\/83363","targetHints":{"allow":["GET"]}}],"collection":[{"href":"https:\/\/vocesparalelas.com.ar\/sitio\/wp-json\/wp\/v2\/posts"}],"about":[{"href":"https:\/\/vocesparalelas.com.ar\/sitio\/wp-json\/wp\/v2\/types\/post"}],"author":[{"embeddable":true,"href":"https:\/\/vocesparalelas.com.ar\/sitio\/wp-json\/wp\/v2\/users\/3"}],"replies":[{"embeddable":true,"href":"https:\/\/vocesparalelas.com.ar\/sitio\/wp-json\/wp\/v2\/comments?post=83363"}],"version-history":[{"count":1,"href":"https:\/\/vocesparalelas.com.ar\/sitio\/wp-json\/wp\/v2\/posts\/83363\/revisions"}],"predecessor-version":[{"id":83367,"href":"https:\/\/vocesparalelas.com.ar\/sitio\/wp-json\/wp\/v2\/posts\/83363\/revisions\/83367"}],"wp:featuredmedia":[{"embeddable":true,"href":"https:\/\/vocesparalelas.com.ar\/sitio\/wp-json\/wp\/v2\/media\/83366"}],"wp:attachment":[{"href":"https:\/\/vocesparalelas.com.ar\/sitio\/wp-json\/wp\/v2\/media?parent=83363"}],"wp:term":[{"taxonomy":"category","embeddable":true,"href":"https:\/\/vocesparalelas.com.ar\/sitio\/wp-json\/wp\/v2\/categories?post=83363"},{"taxonomy":"post_tag","embeddable":true,"href":"https:\/\/vocesparalelas.com.ar\/sitio\/wp-json\/wp\/v2\/tags?post=83363"}],"curies":[{"name":"wp","href":"https:\/\/api.w.org\/{rel}","templated":true}]}}