{"id":83308,"date":"2025-03-03T11:49:34","date_gmt":"2025-03-03T14:49:34","guid":{"rendered":"https:\/\/vocesparalelas.com.ar\/sitio\/?p=83308"},"modified":"2025-03-04T11:19:01","modified_gmt":"2025-03-04T14:19:01","slug":"1-cohorte-de-educacion-inicial-del-plan-provincial-de-alfabetizacion-comprendo-y-aprendo-en-san-juan","status":"publish","type":"post","link":"https:\/\/vocesparalelas.com.ar\/sitio\/1-cohorte-de-educacion-inicial-del-plan-provincial-de-alfabetizacion-comprendo-y-aprendo-en-san-juan\/","title":{"rendered":"1\u00b0 cohorte de Educaci\u00f3n Inicial del Plan Provincial de Alfabetizaci\u00f3n \u201cComprendo y Aprendo\u201d en San Juan"},"content":{"rendered":"<p>El Ministerio de Educaci\u00f3n del Gobierno de San Juan entreg\u00f3 440 gu\u00edas de alfabetizaci\u00f3n a jardines de infantes, correspondiente a la primera cohorte de Educaci\u00f3n Inicial del Plan Provincial de Alfabetizaci\u00f3n \u201cComprendo y Aprendo\u201d. Se trata de herramientas dise\u00f1adas para fortalecer las pr\u00e1cticas de ense\u00f1anza que, a partir de ahora, formar\u00e1n parte del material en cada salita, disponibles para docentes.<\/p>\n<p>El acto se realiz\u00f3 en el auditorio Eloy Camus y el material fue entregado a las autoridades de 100 escuelas. Las gu\u00edas de alfabetizaci\u00f3n llegar\u00e1n as\u00ed a 330 salitas de 4 y 5 a\u00f1os de jardines de infantes, lo que implica un impacto en m\u00e1s de 6.000 alumnos.<\/p>\n<p><img loading=\"lazy\" decoding=\"async\" class=\"alignnone size-full wp-image-83313\" src=\"https:\/\/vocesparalelas.com.ar\/sitio\/wp-content\/uploads\/2025\/03\/GUIA-ALFABETIZACION.jpg\" alt=\"\" width=\"800\" height=\"534\" srcset=\"https:\/\/vocesparalelas.com.ar\/sitio\/wp-content\/uploads\/2025\/03\/GUIA-ALFABETIZACION.jpg 800w, https:\/\/vocesparalelas.com.ar\/sitio\/wp-content\/uploads\/2025\/03\/GUIA-ALFABETIZACION-300x200.jpg 300w, https:\/\/vocesparalelas.com.ar\/sitio\/wp-content\/uploads\/2025\/03\/GUIA-ALFABETIZACION-768x513.jpg 768w\" sizes=\"auto, (max-width: 800px) 100vw, 800px\" \/><\/p>\n<p>Por ello, la ministra de Educaci\u00f3n, Lic. Silvia Fuentes destac\u00f3 que \u00abestamos felices de poder concretar la entrega de gu\u00edas pedag\u00f3gicas, las cuales vienen a fortalecer la calidad educativa en nuestros jardines de infantes; y deseamos que los docentes puedan disfrutar de estos recursos y herramientas. Con cada paso que damos reafirmamos nuestro compromiso por la alfabetizaci\u00f3n, uno de los pilares de la gesti\u00f3n\u201d.<\/p>\n<p>Cada directivo de escuela, de acuerdo al n\u00famero de salitas, recibi\u00f3 la cantidad de gu\u00edas pedag\u00f3gicas que les correspond\u00eda. El plan de entrega, en tanto, seguir\u00e1 ampli\u00e1ndose paulatinamente, para llegar a los jardines de infantes.<\/p>\n<p><img loading=\"lazy\" decoding=\"async\" class=\"alignnone size-full wp-image-83312\" src=\"https:\/\/vocesparalelas.com.ar\/sitio\/wp-content\/uploads\/2025\/03\/GUIA-ALFABETIZACION-02.jpg\" alt=\"\" width=\"800\" height=\"534\" srcset=\"https:\/\/vocesparalelas.com.ar\/sitio\/wp-content\/uploads\/2025\/03\/GUIA-ALFABETIZACION-02.jpg 800w, https:\/\/vocesparalelas.com.ar\/sitio\/wp-content\/uploads\/2025\/03\/GUIA-ALFABETIZACION-02-300x200.jpg 300w, https:\/\/vocesparalelas.com.ar\/sitio\/wp-content\/uploads\/2025\/03\/GUIA-ALFABETIZACION-02-768x513.jpg 768w\" sizes=\"auto, (max-width: 800px) 100vw, 800px\" \/><\/p>\n<p>Por otro lado, esta acci\u00f3n del Ministerio de Educaci\u00f3n fue concretada por intermedio de la Subsecretar\u00eda de Planeamiento a trav\u00e9s de la Direcci\u00f3n de Planes y Programas.<\/p>\n<p><img loading=\"lazy\" decoding=\"async\" class=\"alignnone size-large wp-image-16281\" src=\"https:\/\/vocesparalelas.com.ar\/sitio\/wp-content\/uploads\/2018\/10\/ALUMNOS-ESCUELA-ARGENTINA-800x532.jpg\" alt=\"\" width=\"800\" height=\"532\" srcset=\"https:\/\/vocesparalelas.com.ar\/sitio\/wp-content\/uploads\/2018\/10\/ALUMNOS-ESCUELA-ARGENTINA-800x532.jpg 800w, https:\/\/vocesparalelas.com.ar\/sitio\/wp-content\/uploads\/2018\/10\/ALUMNOS-ESCUELA-ARGENTINA-300x200.jpg 300w, https:\/\/vocesparalelas.com.ar\/sitio\/wp-content\/uploads\/2018\/10\/ALUMNOS-ESCUELA-ARGENTINA-768x511.jpg 768w, https:\/\/vocesparalelas.com.ar\/sitio\/wp-content\/uploads\/2018\/10\/ALUMNOS-ESCUELA-ARGENTINA.jpg 1000w\" sizes=\"auto, (max-width: 800px) 100vw, 800px\" \/><\/p>\n","protected":false},"excerpt":{"rendered":"<p>El Ministerio de Educaci\u00f3n del Gobierno de San Juan entreg\u00f3 440 gu\u00edas de alfabetizaci\u00f3n a jardines de infantes, correspondiente a<\/p>\n","protected":false},"author":3,"featured_media":83311,"comment_status":"closed","ping_status":"closed","sticky":false,"template":"","format":"standard","meta":{"_acf_changed":false,"_seopress_robots_primary_cat":"none","_seopress_titles_title":"","_seopress_titles_desc":"","_seopress_robots_index":"","colormag_page_container_layout":"default_layout","colormag_page_sidebar_layout":"default_layout","footnotes":""},"categories":[15],"tags":[],"class_list":["post-83308","post","type-post","status-publish","format-standard","has-post-thumbnail","hentry","category-posgrados"],"acf":[],"_links":{"self":[{"href":"https:\/\/vocesparalelas.com.ar\/sitio\/wp-json\/wp\/v2\/posts\/83308","targetHints":{"allow":["GET"]}}],"collection":[{"href":"https:\/\/vocesparalelas.com.ar\/sitio\/wp-json\/wp\/v2\/posts"}],"about":[{"href":"https:\/\/vocesparalelas.com.ar\/sitio\/wp-json\/wp\/v2\/types\/post"}],"author":[{"embeddable":true,"href":"https:\/\/vocesparalelas.com.ar\/sitio\/wp-json\/wp\/v2\/users\/3"}],"replies":[{"embeddable":true,"href":"https:\/\/vocesparalelas.com.ar\/sitio\/wp-json\/wp\/v2\/comments?post=83308"}],"version-history":[{"count":1,"href":"https:\/\/vocesparalelas.com.ar\/sitio\/wp-json\/wp\/v2\/posts\/83308\/revisions"}],"predecessor-version":[{"id":83314,"href":"https:\/\/vocesparalelas.com.ar\/sitio\/wp-json\/wp\/v2\/posts\/83308\/revisions\/83314"}],"wp:featuredmedia":[{"embeddable":true,"href":"https:\/\/vocesparalelas.com.ar\/sitio\/wp-json\/wp\/v2\/media\/83311"}],"wp:attachment":[{"href":"https:\/\/vocesparalelas.com.ar\/sitio\/wp-json\/wp\/v2\/media?parent=83308"}],"wp:term":[{"taxonomy":"category","embeddable":true,"href":"https:\/\/vocesparalelas.com.ar\/sitio\/wp-json\/wp\/v2\/categories?post=83308"},{"taxonomy":"post_tag","embeddable":true,"href":"https:\/\/vocesparalelas.com.ar\/sitio\/wp-json\/wp\/v2\/tags?post=83308"}],"curies":[{"name":"wp","href":"https:\/\/api.w.org\/{rel}","templated":true}]}}