{"id":83244,"date":"2025-03-01T11:11:40","date_gmt":"2025-03-01T14:11:40","guid":{"rendered":"https:\/\/vocesparalelas.com.ar\/sitio\/?p=83244"},"modified":"2025-03-03T10:34:12","modified_gmt":"2025-03-03T13:34:12","slug":"operativo-de-seguridad-carnaval-2025-en-san-juan","status":"publish","type":"post","link":"https:\/\/vocesparalelas.com.ar\/sitio\/operativo-de-seguridad-carnaval-2025-en-san-juan\/","title":{"rendered":"Operativo de Seguridad \u00abCarnaval 2025\u00bb en San Juan"},"content":{"rendered":"<p>En el marco de las festividades por el fin de semana largo de Carnaval 2025, la Secretar\u00eda de Estado de Seguridad y Orden P\u00fablico del Gobierno de San Juan ha implementado un plan reforzado de operativos de seguridad que involucra a m\u00e1s de 1000 efectivos policiales. Este despliegue busca garantizar la seguridad y el bienestar de la comunidad durante los eventos que congregan a un gran n\u00famero de ciudadanos y turistas.<\/p>\n<p>Uno de los aspectos m\u00e1s relevantes de este operativo es la intensificaci\u00f3n de los controles de alcoholemia. La Polic\u00eda de San Juan ha establecido puntos de control estrat\u00e9gicos en diversas localidades, con el objetivo de prevenir accidentes de tr\u00e1nsito y promover una conducci\u00f3n responsable en el contexto de celebraciones que suelen involucrar el consumo de bebidas alcoh\u00f3licas. Estos operativos se llevar\u00e1n a cabo de manera rigurosa y con el apoyo de tecnolog\u00eda adecuada para asegurar su efectividad.<\/p>\n<p>Asimismo, se realizar\u00e1n operativos barriales en diferentes sectores del Gran San Juan, orientados a prevenir delitos y fomentar un clima de seguridad. La presencia activa de la fuerza policial es fundamental para disuadir comportamientos delictivos y ofrecer un respaldo a los ciudadanos, especialmente durante un fin de semana donde se prev\u00e9 un aumento en la actividad social y cultural.<\/p>\n<p>Con un enfoque proactivo, se busca no solo responder ante situaciones de emergencia, sino tambi\u00e9n trabajar en la promoci\u00f3n de un ambiente festivo seguro y controlado para todos los asistentes a las celebraciones de Carnaval. La colaboraci\u00f3n ciudadana ser\u00e1 un componente clave en el \u00e9xito de estos operativos, alentando a sumarse a las medidas de prevenci\u00f3n y seguridad dispuestas por las autoridades.<\/p>\n<p>Desde la Secretar\u00eda de Estado de Seguridad y Orden P\u00fablico del Gobierno de San Juan se hace saber a la poblaci\u00f3n que, ante cualquier actividad il\u00edcita, se puede denunciar de forma an\u00f3nima a trav\u00e9s de la l\u00ednea de emergencias 911 o bien dirigirse a la Comisar\u00eda m\u00e1s cercana a su domicilio.<\/p>\n<p><img loading=\"lazy\" decoding=\"async\" class=\"alignnone size-full wp-image-80912\" src=\"https:\/\/vocesparalelas.com.ar\/sitio\/wp-content\/uploads\/2024\/12\/POLICIA-SAN-JUAN-CONTROL.jpg\" alt=\"\" width=\"800\" height=\"462\" srcset=\"https:\/\/vocesparalelas.com.ar\/sitio\/wp-content\/uploads\/2024\/12\/POLICIA-SAN-JUAN-CONTROL.jpg 800w, https:\/\/vocesparalelas.com.ar\/sitio\/wp-content\/uploads\/2024\/12\/POLICIA-SAN-JUAN-CONTROL-300x173.jpg 300w, https:\/\/vocesparalelas.com.ar\/sitio\/wp-content\/uploads\/2024\/12\/POLICIA-SAN-JUAN-CONTROL-768x444.jpg 768w\" sizes=\"auto, (max-width: 800px) 100vw, 800px\" \/><\/p>\n<p>&nbsp;<\/p>\n","protected":false},"excerpt":{"rendered":"<p>En el marco de las festividades por el fin de semana largo de Carnaval 2025, la Secretar\u00eda de Estado de<\/p>\n","protected":false},"author":3,"featured_media":59001,"comment_status":"closed","ping_status":"closed","sticky":false,"template":"","format":"standard","meta":{"_acf_changed":false,"_seopress_robots_primary_cat":"none","_seopress_titles_title":"","_seopress_titles_desc":"","_seopress_robots_index":"","colormag_page_container_layout":"default_layout","colormag_page_sidebar_layout":"default_layout","footnotes":""},"categories":[6],"tags":[],"class_list":["post-83244","post","type-post","status-publish","format-standard","has-post-thumbnail","hentry","category-eventos"],"acf":[],"_links":{"self":[{"href":"https:\/\/vocesparalelas.com.ar\/sitio\/wp-json\/wp\/v2\/posts\/83244","targetHints":{"allow":["GET"]}}],"collection":[{"href":"https:\/\/vocesparalelas.com.ar\/sitio\/wp-json\/wp\/v2\/posts"}],"about":[{"href":"https:\/\/vocesparalelas.com.ar\/sitio\/wp-json\/wp\/v2\/types\/post"}],"author":[{"embeddable":true,"href":"https:\/\/vocesparalelas.com.ar\/sitio\/wp-json\/wp\/v2\/users\/3"}],"replies":[{"embeddable":true,"href":"https:\/\/vocesparalelas.com.ar\/sitio\/wp-json\/wp\/v2\/comments?post=83244"}],"version-history":[{"count":1,"href":"https:\/\/vocesparalelas.com.ar\/sitio\/wp-json\/wp\/v2\/posts\/83244\/revisions"}],"predecessor-version":[{"id":83247,"href":"https:\/\/vocesparalelas.com.ar\/sitio\/wp-json\/wp\/v2\/posts\/83244\/revisions\/83247"}],"wp:featuredmedia":[{"embeddable":true,"href":"https:\/\/vocesparalelas.com.ar\/sitio\/wp-json\/wp\/v2\/media\/59001"}],"wp:attachment":[{"href":"https:\/\/vocesparalelas.com.ar\/sitio\/wp-json\/wp\/v2\/media?parent=83244"}],"wp:term":[{"taxonomy":"category","embeddable":true,"href":"https:\/\/vocesparalelas.com.ar\/sitio\/wp-json\/wp\/v2\/categories?post=83244"},{"taxonomy":"post_tag","embeddable":true,"href":"https:\/\/vocesparalelas.com.ar\/sitio\/wp-json\/wp\/v2\/tags?post=83244"}],"curies":[{"name":"wp","href":"https:\/\/api.w.org\/{rel}","templated":true}]}}