{"id":83239,"date":"2025-03-01T11:02:59","date_gmt":"2025-03-01T14:02:59","guid":{"rendered":"https:\/\/vocesparalelas.com.ar\/sitio\/?p=83239"},"modified":"2025-03-02T22:43:32","modified_gmt":"2025-03-03T01:43:32","slug":"convocan-a-profesionales-con-experiencia-en-comercio-exterior-a-inscribirse-en-san-juan","status":"publish","type":"post","link":"https:\/\/vocesparalelas.com.ar\/sitio\/convocan-a-profesionales-con-experiencia-en-comercio-exterior-a-inscribirse-en-san-juan\/","title":{"rendered":"Convocan a profesionales con experiencia en Comercio Exterior a inscribirse en San Juan"},"content":{"rendered":"<p>Los datos, conforman una base de datos sirve para que empresas exportadoras consulten el perfil del profesional, en caso que necesiten de sus servicios. En 2024 se insertaron 10 profesionales en 4 programas diferentes.<\/p>\n<p>En el 2024. se inscribieron 38 profesionales al Banco de Trabajo impulsado desde la Direcci\u00f3n de Comercio Exterior.<\/p>\n<p>De ellos, 7 se insertaron en el Programa Argentina Exporta, En tanto 1 se incorpor\u00f3 al plan de Gerenciamiento Exportador Asociativo, otro en el Programa de Formaci\u00f3n de Formadores y otro m\u00e1s en Primeros Pasos del Emprendedor Exportador. A lo que se sema que de empresas privadas y un colegio pidieron los CV para considerar.<\/p>\n<p>Ahora la convocatoria se renueva y el Banco de Trabajo 2025 no s\u00f3lo est\u00e1 abierto a licenciados en comercio exterior sino tambi\u00e9n para profesionales de otras \u00e1reas que tengan experiencia en la actividad como, por ejemplo, licenciados en Comercio Internacional, en Relaciones Internacionales o bien contadores, administradores de empresas o que hayan tenido de manera comprobable experiencia en comercio exterior.<\/p>\n<p>La iniciativa surgi\u00f3 de la Direcci\u00f3n de Comercio Exterior, dependiente de la secretaria de Coordinaci\u00f3n para el Desarrollo Econ\u00f3mico, del Ministerio de Producci\u00f3n. Su director, Adri\u00e1n Alonso coment\u00f3 que \u201cpor el resultado obtenido con el banco de Trabajo en 2024, re abrimos la inscripci\u00f3n y la ampliamos\u201d. A lo que a\u00f1adi\u00f3 que, adem\u00e1s de las nuevas inscripciones, quienes ya est\u00e1n en la lista podr\u00e1n actualizar su curr\u00edculum\u201d<\/p>\n<p><span style=\"color: #ff6600;\"><strong>Los interesados pueden contactarse en el siguiente enlace:\u00a0<\/strong><\/span><\/p>\n<p><a href=\"https:\/\/docs.google.com\/forms\/d\/1jLrAFfG0eY4YFd2o_NcUIkx6W_D_ftkQ5ZT452yjTaA\/edit\">https:\/\/docs.google.com\/forms\/d\/1jLrAFfG0eY4YFd2o_NcUIkx6W_D_ftkQ5ZT452yjTaA\/edit<\/a><\/p>\n<p>&nbsp;<\/p>\n<p><img loading=\"lazy\" decoding=\"async\" class=\"alignnone size-full wp-image-65642\" src=\"https:\/\/vocesparalelas.com.ar\/sitio\/wp-content\/uploads\/2023\/11\/GOBIERNO-SAN-JUAN.jpg\" alt=\"\" width=\"800\" height=\"600\" srcset=\"https:\/\/vocesparalelas.com.ar\/sitio\/wp-content\/uploads\/2023\/11\/GOBIERNO-SAN-JUAN.jpg 800w, https:\/\/vocesparalelas.com.ar\/sitio\/wp-content\/uploads\/2023\/11\/GOBIERNO-SAN-JUAN-300x225.jpg 300w, https:\/\/vocesparalelas.com.ar\/sitio\/wp-content\/uploads\/2023\/11\/GOBIERNO-SAN-JUAN-768x576.jpg 768w\" sizes=\"auto, (max-width: 800px) 100vw, 800px\" \/><\/p>\n","protected":false},"excerpt":{"rendered":"<p>Los datos, conforman una base de datos sirve para que empresas exportadoras consulten el perfil del profesional, en caso que<\/p>\n","protected":false},"author":3,"featured_media":83243,"comment_status":"closed","ping_status":"closed","sticky":false,"template":"","format":"standard","meta":{"_acf_changed":false,"_seopress_robots_primary_cat":"none","_seopress_titles_title":"","_seopress_titles_desc":"","_seopress_robots_index":"","colormag_page_container_layout":"default_layout","colormag_page_sidebar_layout":"default_layout","footnotes":""},"categories":[8],"tags":[],"class_list":["post-83239","post","type-post","status-publish","format-standard","has-post-thumbnail","hentry","category-concursos"],"acf":[],"_links":{"self":[{"href":"https:\/\/vocesparalelas.com.ar\/sitio\/wp-json\/wp\/v2\/posts\/83239","targetHints":{"allow":["GET"]}}],"collection":[{"href":"https:\/\/vocesparalelas.com.ar\/sitio\/wp-json\/wp\/v2\/posts"}],"about":[{"href":"https:\/\/vocesparalelas.com.ar\/sitio\/wp-json\/wp\/v2\/types\/post"}],"author":[{"embeddable":true,"href":"https:\/\/vocesparalelas.com.ar\/sitio\/wp-json\/wp\/v2\/users\/3"}],"replies":[{"embeddable":true,"href":"https:\/\/vocesparalelas.com.ar\/sitio\/wp-json\/wp\/v2\/comments?post=83239"}],"version-history":[{"count":1,"href":"https:\/\/vocesparalelas.com.ar\/sitio\/wp-json\/wp\/v2\/posts\/83239\/revisions"}],"predecessor-version":[{"id":83242,"href":"https:\/\/vocesparalelas.com.ar\/sitio\/wp-json\/wp\/v2\/posts\/83239\/revisions\/83242"}],"wp:featuredmedia":[{"embeddable":true,"href":"https:\/\/vocesparalelas.com.ar\/sitio\/wp-json\/wp\/v2\/media\/83243"}],"wp:attachment":[{"href":"https:\/\/vocesparalelas.com.ar\/sitio\/wp-json\/wp\/v2\/media?parent=83239"}],"wp:term":[{"taxonomy":"category","embeddable":true,"href":"https:\/\/vocesparalelas.com.ar\/sitio\/wp-json\/wp\/v2\/categories?post=83239"},{"taxonomy":"post_tag","embeddable":true,"href":"https:\/\/vocesparalelas.com.ar\/sitio\/wp-json\/wp\/v2\/tags?post=83239"}],"curies":[{"name":"wp","href":"https:\/\/api.w.org\/{rel}","templated":true}]}}