{"id":83234,"date":"2025-03-01T10:39:02","date_gmt":"2025-03-01T13:39:02","guid":{"rendered":"https:\/\/vocesparalelas.com.ar\/sitio\/?p=83234"},"modified":"2025-03-01T22:15:51","modified_gmt":"2025-03-02T01:15:51","slug":"el-poder-de-la-accion-y-el-desafio-de-liderar-con-pilar-sordo-en-san-juan","status":"publish","type":"post","link":"https:\/\/vocesparalelas.com.ar\/sitio\/el-poder-de-la-accion-y-el-desafio-de-liderar-con-pilar-sordo-en-san-juan\/","title":{"rendered":"\u00abEl poder de la acci\u00f3n y el desaf\u00edo de liderar\u201d con Pilar Sordo en San Juan"},"content":{"rendered":"<p>En el marco de la celebraci\u00f3n del D\u00eda Internacional de la Mujer, Pilar Sordo ofrece la conferencia \u201cEl poder de la acci\u00f3n y el desaf\u00edo de liderar\u201d, el 14 de Marzo, a las 18:30 hs. en el Teatro del Bicentenario. Este evento tambi\u00e9n se encuadra dentro de la primera actividad del a\u00f1o del Emprezar edici\u00f3n 2025.<\/p>\n<p>\u00bfQu\u00e9 habilidades necesita un l\u00edder hoy? \u00bfC\u00f3mo construir un liderazgo consciente y de alto impacto? Son algunos de los temas a abordar durante la jornada.<\/p>\n<p><strong><span style=\"color: #ff6600;\">Entradas<\/span><\/strong><\/p>\n<p>Tienen un valor que ronda entre $16.500 a $ 49.500 y se pueden adquirir en el sitio<\/p>\n<p><a href=\"https:\/\/www.tuentrada.com\/eventos\/detalle\/PILARSORDO-SJ\/578653845433\">https:\/\/www.tuentrada.com\/eventos\/detalle\/PILARSORDO-SJ\/578653845433<\/a><\/p>\n<p>La actividad es una iniciativa de la Uni\u00f3n Industrial San Juan, Departamento Mujer y del Gobierno de San Juan a trav\u00e9s del Ministerio de Producci\u00f3n, Trabajo e Innovaci\u00f3n y con colaboraci\u00f3n del Ministerio de Turismo, Cultura y Deporte.<\/p>\n<p><img loading=\"lazy\" decoding=\"async\" class=\"alignnone size-large wp-image-21666\" src=\"https:\/\/vocesparalelas.com.ar\/sitio\/wp-content\/uploads\/2019\/06\/TEATRO-BICENTENARIO-10-800x600.jpg\" alt=\"\" width=\"800\" height=\"600\" srcset=\"https:\/\/vocesparalelas.com.ar\/sitio\/wp-content\/uploads\/2019\/06\/TEATRO-BICENTENARIO-10-800x600.jpg 800w, https:\/\/vocesparalelas.com.ar\/sitio\/wp-content\/uploads\/2019\/06\/TEATRO-BICENTENARIO-10-300x225.jpg 300w, https:\/\/vocesparalelas.com.ar\/sitio\/wp-content\/uploads\/2019\/06\/TEATRO-BICENTENARIO-10-768x576.jpg 768w, https:\/\/vocesparalelas.com.ar\/sitio\/wp-content\/uploads\/2019\/06\/TEATRO-BICENTENARIO-10.jpg 1000w\" sizes=\"auto, (max-width: 800px) 100vw, 800px\" \/><\/p>\n<p>&nbsp;<\/p>\n","protected":false},"excerpt":{"rendered":"<p>En el marco de la celebraci\u00f3n del D\u00eda Internacional de la Mujer, Pilar Sordo ofrece la conferencia \u201cEl poder de<\/p>\n","protected":false},"author":3,"featured_media":83237,"comment_status":"closed","ping_status":"closed","sticky":false,"template":"","format":"standard","meta":{"_acf_changed":false,"_seopress_robots_primary_cat":"none","_seopress_titles_title":"","_seopress_titles_desc":"","_seopress_robots_index":"","colormag_page_container_layout":"default_layout","colormag_page_sidebar_layout":"default_layout","footnotes":""},"categories":[6],"tags":[],"class_list":["post-83234","post","type-post","status-publish","format-standard","has-post-thumbnail","hentry","category-eventos"],"acf":[],"_links":{"self":[{"href":"https:\/\/vocesparalelas.com.ar\/sitio\/wp-json\/wp\/v2\/posts\/83234","targetHints":{"allow":["GET"]}}],"collection":[{"href":"https:\/\/vocesparalelas.com.ar\/sitio\/wp-json\/wp\/v2\/posts"}],"about":[{"href":"https:\/\/vocesparalelas.com.ar\/sitio\/wp-json\/wp\/v2\/types\/post"}],"author":[{"embeddable":true,"href":"https:\/\/vocesparalelas.com.ar\/sitio\/wp-json\/wp\/v2\/users\/3"}],"replies":[{"embeddable":true,"href":"https:\/\/vocesparalelas.com.ar\/sitio\/wp-json\/wp\/v2\/comments?post=83234"}],"version-history":[{"count":1,"href":"https:\/\/vocesparalelas.com.ar\/sitio\/wp-json\/wp\/v2\/posts\/83234\/revisions"}],"predecessor-version":[{"id":83238,"href":"https:\/\/vocesparalelas.com.ar\/sitio\/wp-json\/wp\/v2\/posts\/83234\/revisions\/83238"}],"wp:featuredmedia":[{"embeddable":true,"href":"https:\/\/vocesparalelas.com.ar\/sitio\/wp-json\/wp\/v2\/media\/83237"}],"wp:attachment":[{"href":"https:\/\/vocesparalelas.com.ar\/sitio\/wp-json\/wp\/v2\/media?parent=83234"}],"wp:term":[{"taxonomy":"category","embeddable":true,"href":"https:\/\/vocesparalelas.com.ar\/sitio\/wp-json\/wp\/v2\/categories?post=83234"},{"taxonomy":"post_tag","embeddable":true,"href":"https:\/\/vocesparalelas.com.ar\/sitio\/wp-json\/wp\/v2\/tags?post=83234"}],"curies":[{"name":"wp","href":"https:\/\/api.w.org\/{rel}","templated":true}]}}