{"id":83224,"date":"2025-02-28T23:15:57","date_gmt":"2025-03-01T02:15:57","guid":{"rendered":"https:\/\/vocesparalelas.com.ar\/sitio\/?p=83224"},"modified":"2025-03-02T13:30:47","modified_gmt":"2025-03-02T16:30:47","slug":"es-un-conflicto-de-derechos-es-un-conflicto-sobre-salarios-y-no-se-puede-conciliar-con-el-hambre","status":"publish","type":"post","link":"https:\/\/vocesparalelas.com.ar\/sitio\/es-un-conflicto-de-derechos-es-un-conflicto-sobre-salarios-y-no-se-puede-conciliar-con-el-hambre\/","title":{"rendered":"\u00abEs un conflicto de Derechos, es un conflicto sobre salarios y no se puede conciliar con el hambre\u00bb"},"content":{"rendered":"<p>Es importante destacar que se realiz\u00f3 la reuni\u00f3n de Conciliaci\u00f3n Obligaciones entre la C\u00e1mara Empresaria ATAP y UTA Seccional San Juan pero la misma fracas\u00f3 porque seg\u00fan el Secretario General de UTA San Juan, Marcelo Maldonado que como ya hab\u00edan manifestado rechazaron la Conciliaci\u00f3n Obligaciones porque esto es un conflicto de Derechos, es un conflicto sobre salarios y no se puede conciliar con el hambre\u00bb.<\/p>\n<p>&nbsp;<\/p>\n<blockquote class=\"wp-embedded-content\" data-secret=\"GoqH3L3ePC\"><p><a href=\"https:\/\/vocesparalelas.com.ar\/sitio\/uta-seccional-san-juan-inicia-plan-de-lucha-por-falta-de-pago-de-las-diferencias-salariales-por-la-camara-empresaria-atap\/\">UTA Seccional San Juan inicia Plan de Lucha por falta de pago de las diferencias salariales por la C\u00e1mara Empresaria ATAP<\/a><\/p><\/blockquote>\n<p><iframe loading=\"lazy\" class=\"wp-embedded-content\" sandbox=\"allow-scripts\" security=\"restricted\" style=\"position: absolute; visibility: hidden;\" title=\"\u00abUTA Seccional San Juan inicia Plan de Lucha por falta de pago de las diferencias salariales por la C\u00e1mara Empresaria ATAP\u00bb \u2014 Voces Paralelas\" src=\"https:\/\/vocesparalelas.com.ar\/sitio\/uta-seccional-san-juan-inicia-plan-de-lucha-por-falta-de-pago-de-las-diferencias-salariales-por-la-camara-empresaria-atap\/embed\/#?secret=sYXd3jb7aY#?secret=GoqH3L3ePC\" data-secret=\"GoqH3L3ePC\" width=\"600\" height=\"338\" frameborder=\"0\" marginwidth=\"0\" marginheight=\"0\" scrolling=\"no\"><\/iframe><\/p>\n<p>&nbsp;<\/p>\n<p><img loading=\"lazy\" decoding=\"async\" class=\"alignnone size-full wp-image-69356\" src=\"https:\/\/vocesparalelas.com.ar\/sitio\/wp-content\/uploads\/2024\/02\/UTA-SAN-JUAN.jpg\" alt=\"\" width=\"800\" height=\"450\" srcset=\"https:\/\/vocesparalelas.com.ar\/sitio\/wp-content\/uploads\/2024\/02\/UTA-SAN-JUAN.jpg 800w, https:\/\/vocesparalelas.com.ar\/sitio\/wp-content\/uploads\/2024\/02\/UTA-SAN-JUAN-300x169.jpg 300w, https:\/\/vocesparalelas.com.ar\/sitio\/wp-content\/uploads\/2024\/02\/UTA-SAN-JUAN-768x432.jpg 768w\" sizes=\"auto, (max-width: 800px) 100vw, 800px\" \/><\/p>\n","protected":false},"excerpt":{"rendered":"<p>Es importante destacar que se realiz\u00f3 la reuni\u00f3n de Conciliaci\u00f3n Obligaciones entre la C\u00e1mara Empresaria ATAP y UTA Seccional San<\/p>\n","protected":false},"author":3,"featured_media":48168,"comment_status":"closed","ping_status":"closed","sticky":false,"template":"","format":"standard","meta":{"_acf_changed":false,"_seopress_robots_primary_cat":"none","_seopress_titles_title":"","_seopress_titles_desc":"","_seopress_robots_index":"","colormag_page_container_layout":"default_layout","colormag_page_sidebar_layout":"default_layout","footnotes":""},"categories":[6],"tags":[],"class_list":["post-83224","post","type-post","status-publish","format-standard","has-post-thumbnail","hentry","category-eventos"],"acf":[],"_links":{"self":[{"href":"https:\/\/vocesparalelas.com.ar\/sitio\/wp-json\/wp\/v2\/posts\/83224","targetHints":{"allow":["GET"]}}],"collection":[{"href":"https:\/\/vocesparalelas.com.ar\/sitio\/wp-json\/wp\/v2\/posts"}],"about":[{"href":"https:\/\/vocesparalelas.com.ar\/sitio\/wp-json\/wp\/v2\/types\/post"}],"author":[{"embeddable":true,"href":"https:\/\/vocesparalelas.com.ar\/sitio\/wp-json\/wp\/v2\/users\/3"}],"replies":[{"embeddable":true,"href":"https:\/\/vocesparalelas.com.ar\/sitio\/wp-json\/wp\/v2\/comments?post=83224"}],"version-history":[{"count":3,"href":"https:\/\/vocesparalelas.com.ar\/sitio\/wp-json\/wp\/v2\/posts\/83224\/revisions"}],"predecessor-version":[{"id":83229,"href":"https:\/\/vocesparalelas.com.ar\/sitio\/wp-json\/wp\/v2\/posts\/83224\/revisions\/83229"}],"wp:featuredmedia":[{"embeddable":true,"href":"https:\/\/vocesparalelas.com.ar\/sitio\/wp-json\/wp\/v2\/media\/48168"}],"wp:attachment":[{"href":"https:\/\/vocesparalelas.com.ar\/sitio\/wp-json\/wp\/v2\/media?parent=83224"}],"wp:term":[{"taxonomy":"category","embeddable":true,"href":"https:\/\/vocesparalelas.com.ar\/sitio\/wp-json\/wp\/v2\/categories?post=83224"},{"taxonomy":"post_tag","embeddable":true,"href":"https:\/\/vocesparalelas.com.ar\/sitio\/wp-json\/wp\/v2\/tags?post=83224"}],"curies":[{"name":"wp","href":"https:\/\/api.w.org\/{rel}","templated":true}]}}