{"id":83104,"date":"2025-02-26T19:28:57","date_gmt":"2025-02-26T22:28:57","guid":{"rendered":"https:\/\/vocesparalelas.com.ar\/sitio\/?p=83104"},"modified":"2025-02-27T21:54:21","modified_gmt":"2025-02-28T00:54:21","slug":"formacion-docentes-de-san-juan-que-fortalece-la-gestion-escolar","status":"publish","type":"post","link":"https:\/\/vocesparalelas.com.ar\/sitio\/formacion-docentes-de-san-juan-que-fortalece-la-gestion-escolar\/","title":{"rendered":"Formaci\u00f3n Docentes de San Juan que fortalece la gesti\u00f3n escolar"},"content":{"rendered":"<p>El Ministerio de Educaci\u00f3n del Gobierno de San Juan desde el Martes, 25 hasta el Viernes, 28 de Febrero de 2025. se desarrolla el Ciclo de Formaci\u00f3n Continua y en Servicio destinado a docentes de escuelas de gesti\u00f3n estatal y privada.<\/p>\n<p>Se trata del Ciclo de Formaci\u00f3n Continua y en Servicio 2025, destinado a docentes de escuelas de gesti\u00f3n estatal y privada. Las propuestas estar\u00e1n disponibles de manera virtual asincr\u00f3nica.<\/p>\n<p>Esta formaci\u00f3n pretende mejorar la calidad educativa y los v\u00ednculos humanos, profesionales y sociales en el \u00e1mbito escolar, tratando de generar un impacto positivo en la gesti\u00f3n educativa y en la convivencia escolar.<\/p>\n<p>El ciclo consta de cinco formaciones de las cuales cuatro est\u00e1n dirigidas a todos los niveles educativos. La quinta presentaci\u00f3n est\u00e1 destinada exclusivamente a Educaci\u00f3n Inicial, Primaria, modalidad de Educaci\u00f3n especial y UEPA, seg\u00fan el siguiente cronograma:<\/p>\n<ul>\n<li>Educaci\u00f3n Inicial, Primaria, modalidad de Educaci\u00f3n Especial y UEPA: desde el 25 al 28 de Febrero de 2025.<\/li>\n<li>Educaci\u00f3n Secundaria y Superior: el 27 y 28 de Febrero de 2025.<\/li>\n<\/ul>\n<p><span style=\"color: #ff6600;\"><strong>Las propuestas de formaci\u00f3n son:<\/strong><\/span><\/p>\n<ol>\n<li>\u201cVolver a lo obvio\u201d: ofrece herramientas preventivas para gestionar dificultades y tr\u00e1mites escolares con el fin de aportar tranquilidad y seguridad en lo cotidiano de la vida escolar, ofreciendo posibles soluciones a diferentes desaf\u00edos a trav\u00e9s de la mediaci\u00f3n y gesti\u00f3n.<\/li>\n<li>\u201cGestionamos climas escolares de bienestar\u201d: brinda herramientas de concientizaci\u00f3n y prevenci\u00f3n para desarrollar habilidades sociales que favorezcan la convivencia escolar entre actores educativos adultos dentro de la instituci\u00f3n.<\/li>\n<li>\u201cPrincipios generales de la educaci\u00f3n emocional\u00bb: propone herramientas y recursos creativos para desarrollar habilidades emocionales; analiza la importancia de la educaci\u00f3n emocional en el desarrollo integral y el rendimiento acad\u00e9mico de los estudiantes.<\/li>\n<li>\u201cProyecto Educativo Interdisciplinario: Resistencia Anti Microbiana (R.A.M)\u201d: ofrece herramientas y estrategias para concienciar sobre la importancia de la resistencia a los antimicrobianos en el aula, que es una crisis global que afecta la salud p\u00fablica al hacer que los medicamentos pierdan efectividad y es fundamental la educaci\u00f3n para prevenirla.<\/li>\n<li>\u201cEntrenamiento en pensamiento creativo, computacional y cr\u00edtico con Inteligencia Artificial\u201d: presenta conceptos b\u00e1sicos de la inteligencia artificial (IA) en educaci\u00f3n, su aplicaci\u00f3n pr\u00e1ctica y las implicaciones \u00e9ticas de su uso. Tambi\u00e9n explora estrategias para integrar la IA en proyectos y planificaciones educativas.<\/li>\n<\/ol>\n<p>Las formaciones est\u00e1n disponibles de manera virtual asincr\u00f3nica y se puede acceder a ellas hasta el 28 de febrero a las 23 a trav\u00e9s de los links publicados en la p\u00e1gina web del Ministerio de Educaci\u00f3n:<\/p>\n<p><a href=\"https:\/\/educacion.sanjuan.gob.ar\/.\">https:\/\/educacion.sanjuan.gob.ar\/.<\/a><\/p>\n<p>Cada formaci\u00f3n cuenta con certificado de asistencia y certificaci\u00f3n de aval ministerial con puntaje supeditada a la evaluaci\u00f3n correspondiente.<\/p>\n<p><span style=\"color: #ff6600;\"><strong>Importante<\/strong><\/span><\/p>\n<ul>\n<li>Asistencia: cada video evaluado equivale a una asistencia virtual.<\/li>\n<li>Certificados de asistencia y cambio de tareas: se enviar\u00e1 una respuesta autom\u00e1tica al correo una vez finalizada y enviada la evaluaci\u00f3n del video, que servir\u00e1 para justificar y confirmar la asistencia a la formaci\u00f3n.<\/li>\n<li>Evaluaci\u00f3n: en la evaluaci\u00f3n se pedir\u00e1 completar con los datos personales exactamente como figuran en el DNI y el CUE de las instituciones.<\/li>\n<li>Certificaci\u00f3n de aval ministerial con puntaje: esta certificaci\u00f3n no ser\u00e1 inmediata; se ha previsto como plazo de emisi\u00f3n hasta el mes de agosto de 2025 inclusive y ser\u00e1 enviado al correo electr\u00f3nico informado por el docente.<\/li>\n<\/ul>\n<p><img loading=\"lazy\" decoding=\"async\" class=\"alignnone size-full wp-image-28629\" src=\"https:\/\/vocesparalelas.com.ar\/sitio\/wp-content\/uploads\/2020\/05\/MINISTERIO-EDUCACION-SJ.jpg\" alt=\"\" width=\"800\" height=\"533\" srcset=\"https:\/\/vocesparalelas.com.ar\/sitio\/wp-content\/uploads\/2020\/05\/MINISTERIO-EDUCACION-SJ.jpg 800w, https:\/\/vocesparalelas.com.ar\/sitio\/wp-content\/uploads\/2020\/05\/MINISTERIO-EDUCACION-SJ-300x200.jpg 300w, https:\/\/vocesparalelas.com.ar\/sitio\/wp-content\/uploads\/2020\/05\/MINISTERIO-EDUCACION-SJ-768x512.jpg 768w\" sizes=\"auto, (max-width: 800px) 100vw, 800px\" \/><\/p>\n","protected":false},"excerpt":{"rendered":"<p>El Ministerio de Educaci\u00f3n del Gobierno de San Juan desde el Martes, 25 hasta el Viernes, 28 de Febrero de<\/p>\n","protected":false},"author":3,"featured_media":35071,"comment_status":"closed","ping_status":"closed","sticky":false,"template":"","format":"standard","meta":{"_acf_changed":false,"_seopress_robots_primary_cat":"none","_seopress_titles_title":"","_seopress_titles_desc":"","_seopress_robots_index":"","colormag_page_container_layout":"default_layout","colormag_page_sidebar_layout":"default_layout","footnotes":""},"categories":[9],"tags":[],"class_list":["post-83104","post","type-post","status-publish","format-standard","has-post-thumbnail","hentry","category-cursos"],"acf":[],"_links":{"self":[{"href":"https:\/\/vocesparalelas.com.ar\/sitio\/wp-json\/wp\/v2\/posts\/83104","targetHints":{"allow":["GET"]}}],"collection":[{"href":"https:\/\/vocesparalelas.com.ar\/sitio\/wp-json\/wp\/v2\/posts"}],"about":[{"href":"https:\/\/vocesparalelas.com.ar\/sitio\/wp-json\/wp\/v2\/types\/post"}],"author":[{"embeddable":true,"href":"https:\/\/vocesparalelas.com.ar\/sitio\/wp-json\/wp\/v2\/users\/3"}],"replies":[{"embeddable":true,"href":"https:\/\/vocesparalelas.com.ar\/sitio\/wp-json\/wp\/v2\/comments?post=83104"}],"version-history":[{"count":1,"href":"https:\/\/vocesparalelas.com.ar\/sitio\/wp-json\/wp\/v2\/posts\/83104\/revisions"}],"predecessor-version":[{"id":83107,"href":"https:\/\/vocesparalelas.com.ar\/sitio\/wp-json\/wp\/v2\/posts\/83104\/revisions\/83107"}],"wp:featuredmedia":[{"embeddable":true,"href":"https:\/\/vocesparalelas.com.ar\/sitio\/wp-json\/wp\/v2\/media\/35071"}],"wp:attachment":[{"href":"https:\/\/vocesparalelas.com.ar\/sitio\/wp-json\/wp\/v2\/media?parent=83104"}],"wp:term":[{"taxonomy":"category","embeddable":true,"href":"https:\/\/vocesparalelas.com.ar\/sitio\/wp-json\/wp\/v2\/categories?post=83104"},{"taxonomy":"post_tag","embeddable":true,"href":"https:\/\/vocesparalelas.com.ar\/sitio\/wp-json\/wp\/v2\/tags?post=83104"}],"curies":[{"name":"wp","href":"https:\/\/api.w.org\/{rel}","templated":true}]}}