{"id":83091,"date":"2025-02-20T11:34:38","date_gmt":"2025-02-20T14:34:38","guid":{"rendered":"https:\/\/vocesparalelas.com.ar\/sitio\/?p=83091"},"modified":"2025-03-04T22:40:59","modified_gmt":"2025-03-05T01:40:59","slug":"conversatorio-travesia-pinta-tu-aldea-en-san-juan","status":"publish","type":"post","link":"https:\/\/vocesparalelas.com.ar\/sitio\/conversatorio-travesia-pinta-tu-aldea-en-san-juan\/","title":{"rendered":"Conversatorio \u00abTraves\u00eda. Pinta tu aldea\u00bb en San Juan"},"content":{"rendered":"<p>El Mi\u00e9rcoles, 26 de Febrero, a partir de las 20 hs.; en el Centro Cultural Estaci\u00f3n San Mart\u00edn, se desarrolla el conversatorio \u00abTraves\u00eda. Pinta tu aldea\u00bb, un encuentro que forma parte del ciclo \u00abArte en la Ciudad\u00bb en el marco de la Exposici\u00f3n\u00a0Pict\u00f3rica colectiva Traves\u00eda Pinta tu aldea.<\/p>\n<p>Los artistas de San Juan Sonia Paris\u00ed, Gustavo P\u00e9rez y Luis Godoy comparten su experiencia y visi\u00f3n sobre el arte territorial, abordando temas como la t\u00e9cnica, el material y el estilo de sus obras.<\/p>\n<p>El conversatorio est\u00e1 pensado para abrir un espacio de reflexi\u00f3n sobre el arte que emerge de la Ciudad y de sus contextos m\u00e1s cercanos, acercando a la comunidad a la producci\u00f3n art\u00edstica local.<\/p>\n<p>En esta oportunidad, se realiza un sorteo que premia al ganador con una obra de uno de los expositores.<\/p>\n<p>La actividad es abierta y gratuita, invitando a los participar y disfrutar de esta enriquecedora experiencia cultural.<\/p>\n<p><strong><span style=\"color: #ff6600;\">\u201cTraves\u00eda. Pinta tu aldea\u201d<\/span><\/strong><\/p>\n<p>El grupo Artx3, integrado por Gustavo P\u00e9rez Espinoza, Jos\u00e9 Luis Godoy y Sonia Paris\u00ed, est\u00e1 presentando en el Centro Cultural Estaci\u00f3n San Mart\u00edn su proyecto titulado \u00abTraves\u00eda. Pinta tu aldea\u00bb, que puede visitarse hasta el 2 de Marzo de 2025.<\/p>\n<p>El nombre \u00abTraves\u00eda\u00bb hace referencia a su car\u00e1cter itinerante, ya que la muestra recorre los municipios de San Juan. Por su parte, \u00abPinta tu aldea\u00bb evoca el imaginario cultural local, poniendo en escena elementos esenciales de nuestra identidad como paisajes, flora, fauna, creencias, rituales, usos y costumbres.<\/p>\n<p><iframe loading=\"lazy\" title=\"FFHA UNSJ PROF SONIA PARISI\" width=\"800\" height=\"450\" src=\"https:\/\/www.youtube.com\/embed\/9QfhEEJur70?feature=oembed\" frameborder=\"0\" allow=\"accelerometer; autoplay; clipboard-write; encrypted-media; gyroscope; picture-in-picture; web-share\" referrerpolicy=\"strict-origin-when-cross-origin\" allowfullscreen><\/iframe><\/p>\n","protected":false},"excerpt":{"rendered":"<p>El Mi\u00e9rcoles, 26 de Febrero, a partir de las 20 hs.; en el Centro Cultural Estaci\u00f3n San Mart\u00edn, se desarrolla<\/p>\n","protected":false},"author":3,"featured_media":82248,"comment_status":"closed","ping_status":"closed","sticky":false,"template":"","format":"standard","meta":{"_acf_changed":false,"_seopress_robots_primary_cat":"none","_seopress_titles_title":"","_seopress_titles_desc":"","_seopress_robots_index":"","colormag_page_container_layout":"default_layout","colormag_page_sidebar_layout":"default_layout","footnotes":""},"categories":[20,7],"tags":[],"class_list":["post-83091","post","type-post","status-publish","format-standard","has-post-thumbnail","hentry","category-cartelera","category-videos"],"acf":[],"_links":{"self":[{"href":"https:\/\/vocesparalelas.com.ar\/sitio\/wp-json\/wp\/v2\/posts\/83091","targetHints":{"allow":["GET"]}}],"collection":[{"href":"https:\/\/vocesparalelas.com.ar\/sitio\/wp-json\/wp\/v2\/posts"}],"about":[{"href":"https:\/\/vocesparalelas.com.ar\/sitio\/wp-json\/wp\/v2\/types\/post"}],"author":[{"embeddable":true,"href":"https:\/\/vocesparalelas.com.ar\/sitio\/wp-json\/wp\/v2\/users\/3"}],"replies":[{"embeddable":true,"href":"https:\/\/vocesparalelas.com.ar\/sitio\/wp-json\/wp\/v2\/comments?post=83091"}],"version-history":[{"count":1,"href":"https:\/\/vocesparalelas.com.ar\/sitio\/wp-json\/wp\/v2\/posts\/83091\/revisions"}],"predecessor-version":[{"id":83094,"href":"https:\/\/vocesparalelas.com.ar\/sitio\/wp-json\/wp\/v2\/posts\/83091\/revisions\/83094"}],"wp:featuredmedia":[{"embeddable":true,"href":"https:\/\/vocesparalelas.com.ar\/sitio\/wp-json\/wp\/v2\/media\/82248"}],"wp:attachment":[{"href":"https:\/\/vocesparalelas.com.ar\/sitio\/wp-json\/wp\/v2\/media?parent=83091"}],"wp:term":[{"taxonomy":"category","embeddable":true,"href":"https:\/\/vocesparalelas.com.ar\/sitio\/wp-json\/wp\/v2\/categories?post=83091"},{"taxonomy":"post_tag","embeddable":true,"href":"https:\/\/vocesparalelas.com.ar\/sitio\/wp-json\/wp\/v2\/tags?post=83091"}],"curies":[{"name":"wp","href":"https:\/\/api.w.org\/{rel}","templated":true}]}}