{"id":83048,"date":"2025-02-25T14:55:29","date_gmt":"2025-02-25T17:55:29","guid":{"rendered":"https:\/\/vocesparalelas.com.ar\/sitio\/?p=83048"},"modified":"2025-02-26T12:58:58","modified_gmt":"2025-02-26T15:58:58","slug":"promociones-del-banco-san-juan-y-billetera-virtual-para-la-compra-de-utiles-escolares","status":"publish","type":"post","link":"https:\/\/vocesparalelas.com.ar\/sitio\/promociones-del-banco-san-juan-y-billetera-virtual-para-la-compra-de-utiles-escolares\/","title":{"rendered":"Promociones del Banco San Juan y billetera virtual para la compra de \u00datiles Escolares"},"content":{"rendered":"<p>Con el prop\u00f3sito de alivianar la carga financiera de las familias en un contexto econ\u00f3mico desafiante, se habilit\u00f3 la posibilidad de comprar los \u00fatiles escolares en 6 cuotas sin inter\u00e9s con tarjeta de cr\u00e9dito de Banco San Juan.<\/p>\n<p>El beneficio puede ser utilizado el 6; 7; 8 y 10;11;12 de Marzo en las librer\u00edas adheridas y adem\u00e1s de la financiaci\u00f3n, goza de un descuento del 20%.<\/p>\n<p>Asimismo, aquellos que abonen con Billetera San Juan los Martes y Jueves, pueden obtener hasta el 30% de descuento con un tope de $7500 de reintegro.<\/p>\n<p>Esto fue posible gracias al trabajo coordinado del Ministerio de Producci\u00f3n, Trabajo e Innovaci\u00f3n del Gobierno de San Juan, a trav\u00e9s de la secretar\u00eda de Industria, Comercio y Servicios, el Banco San Juan y los propietarios de las librer\u00edas de la provincia.<\/p>\n<p>Desde la secretar\u00eda de Industria, Comercio y Servicios se est\u00e1 dialogando con otras entidades bancarias que podr\u00edan sumar alguna promoci\u00f3n para colaborar con el presente ciclo lectivo.<\/p>\n<p>&nbsp;<\/p>\n<p><img loading=\"lazy\" decoding=\"async\" class=\"alignnone size-full wp-image-65642\" src=\"https:\/\/vocesparalelas.com.ar\/sitio\/wp-content\/uploads\/2023\/11\/GOBIERNO-SAN-JUAN.jpg\" alt=\"\" width=\"800\" height=\"600\" srcset=\"https:\/\/vocesparalelas.com.ar\/sitio\/wp-content\/uploads\/2023\/11\/GOBIERNO-SAN-JUAN.jpg 800w, https:\/\/vocesparalelas.com.ar\/sitio\/wp-content\/uploads\/2023\/11\/GOBIERNO-SAN-JUAN-300x225.jpg 300w, https:\/\/vocesparalelas.com.ar\/sitio\/wp-content\/uploads\/2023\/11\/GOBIERNO-SAN-JUAN-768x576.jpg 768w\" sizes=\"auto, (max-width: 800px) 100vw, 800px\" \/><\/p>\n","protected":false},"excerpt":{"rendered":"<p>Con el prop\u00f3sito de alivianar la carga financiera de las familias en un contexto econ\u00f3mico desafiante, se habilit\u00f3 la posibilidad<\/p>\n","protected":false},"author":3,"featured_media":38515,"comment_status":"closed","ping_status":"closed","sticky":false,"template":"","format":"standard","meta":{"_acf_changed":false,"_seopress_robots_primary_cat":"none","_seopress_titles_title":"","_seopress_titles_desc":"","_seopress_robots_index":"","colormag_page_container_layout":"default_layout","colormag_page_sidebar_layout":"default_layout","footnotes":""},"categories":[5],"tags":[],"class_list":["post-83048","post","type-post","status-publish","format-standard","has-post-thumbnail","hentry","category-ofrecimientos"],"acf":[],"_links":{"self":[{"href":"https:\/\/vocesparalelas.com.ar\/sitio\/wp-json\/wp\/v2\/posts\/83048","targetHints":{"allow":["GET"]}}],"collection":[{"href":"https:\/\/vocesparalelas.com.ar\/sitio\/wp-json\/wp\/v2\/posts"}],"about":[{"href":"https:\/\/vocesparalelas.com.ar\/sitio\/wp-json\/wp\/v2\/types\/post"}],"author":[{"embeddable":true,"href":"https:\/\/vocesparalelas.com.ar\/sitio\/wp-json\/wp\/v2\/users\/3"}],"replies":[{"embeddable":true,"href":"https:\/\/vocesparalelas.com.ar\/sitio\/wp-json\/wp\/v2\/comments?post=83048"}],"version-history":[{"count":1,"href":"https:\/\/vocesparalelas.com.ar\/sitio\/wp-json\/wp\/v2\/posts\/83048\/revisions"}],"predecessor-version":[{"id":83051,"href":"https:\/\/vocesparalelas.com.ar\/sitio\/wp-json\/wp\/v2\/posts\/83048\/revisions\/83051"}],"wp:featuredmedia":[{"embeddable":true,"href":"https:\/\/vocesparalelas.com.ar\/sitio\/wp-json\/wp\/v2\/media\/38515"}],"wp:attachment":[{"href":"https:\/\/vocesparalelas.com.ar\/sitio\/wp-json\/wp\/v2\/media?parent=83048"}],"wp:term":[{"taxonomy":"category","embeddable":true,"href":"https:\/\/vocesparalelas.com.ar\/sitio\/wp-json\/wp\/v2\/categories?post=83048"},{"taxonomy":"post_tag","embeddable":true,"href":"https:\/\/vocesparalelas.com.ar\/sitio\/wp-json\/wp\/v2\/tags?post=83048"}],"curies":[{"name":"wp","href":"https:\/\/api.w.org\/{rel}","templated":true}]}}