{"id":83034,"date":"2025-02-24T21:02:18","date_gmt":"2025-02-25T00:02:18","guid":{"rendered":"https:\/\/vocesparalelas.com.ar\/sitio\/?p=83034"},"modified":"2025-02-26T00:30:30","modified_gmt":"2025-02-26T03:30:30","slug":"firma-de-acuerdo-para-modernizar-la-atencion-al-publico-del-poder-judicial-de-san-juan","status":"publish","type":"post","link":"https:\/\/vocesparalelas.com.ar\/sitio\/firma-de-acuerdo-para-modernizar-la-atencion-al-publico-del-poder-judicial-de-san-juan\/","title":{"rendered":"Firma de acuerdo para modernizar la atenci\u00f3n al p\u00fablico del Poder Judicial de San Juan"},"content":{"rendered":"<p>Durante el Lunes, 24 de Febrero, y en la Sala Eloy Camus de Casa de Gobierno, de San Juan se suscribi\u00f3 un acta complementaria entre el Poder Judicial de San Juan, la Secretar\u00eda General de la Gobernaci\u00f3n y el Ministerio de Econom\u00eda, Finanzas y Hacienda del Gobierno de San Juan.<\/p>\n<p>Esta acci\u00f3n mancomunada tiene como objetivo establecer una colaboraci\u00f3n mutua que permita mejorar la gesti\u00f3n de tr\u00e1mites y procesos judiciales, como as\u00ed tambi\u00e9n facilitar el acceso de los ciudadanos a los servicios p\u00fablicos, de forma digital.<\/p>\n<p><iframe loading=\"lazy\" title=\"Acuerdo entre el Poder Judicial y el Gobierno de San Juan para modernizar la administraci\u00f3n p\u00fablica\" width=\"800\" height=\"450\" src=\"https:\/\/www.youtube.com\/embed\/ZSrhAgMrtHo?feature=oembed\" frameborder=\"0\" allow=\"accelerometer; autoplay; clipboard-write; encrypted-media; gyroscope; picture-in-picture; web-share\" referrerpolicy=\"strict-origin-when-cross-origin\" allowfullscreen><\/iframe><\/p>\n<p>En su alocuci\u00f3n, el presidente de la Corte de Justicia, Dr. Marcelo Lima afirm\u00f3 que \u00aba partir de este acuerdo, el Poder Judicial de San Juan va a poder enviar notificaciones judiciales a deudores de ejecuciones fiscales. Tambi\u00e9n, a aquellos deudores de Cuotas Alimentarias, Las instituciones que necesiten estos datos, los pueden obtener de forma directa. Este es un paso importante y justo, porque cualquier persona va a poder acceder a informaci\u00f3n de manera directa\u201d.<\/p>\n<p>En este sentido, vale destacar que el acuerdo busca promover el uso de la plataforma \u201cCiudadano Digital\u201d (CIDI), que permite a los sanjuaninos realizar una amplia variedad de tr\u00e1mites y consultas de forma remota, garantizando la seguridad y validez legal de las operaciones.<\/p>\n<p>Otro aspecto importante de este acuerdo es el establecimiento de un domicilio fiscal electr\u00f3nico para los contribuyentes, ya que a trav\u00e9s de la plataforma CIDI los ciudadanos podr\u00e1n ser notificados sobre su situaci\u00f3n tributaria y sobre cualquier proceso judicial relacionado con deudas fiscales.<\/p>\n<p>Asimismo, se suma un Registro de Deudores Alimentarios, permitiendo a los ciudadanos consultar el estado de deudas de forma \u00e1gil y segura. Este registro ser\u00e1 actualizado de forma constante por los organismos competentes de la Corte de Justicia.<\/p>\n<p>Del encuentro participaron el secretario General de Gobierno, Lic. Emilio Achem; el ministro de Econom\u00eda, Finanzas y Hacienda, CPN Roberto Guti\u00e9rrez y el Asesor Letrado de esa cartera, Dr. Alejandro Ferrari.<\/p>\n<p>&nbsp;<\/p>\n<p><img loading=\"lazy\" decoding=\"async\" class=\"alignnone size-full wp-image-65642\" src=\"https:\/\/vocesparalelas.com.ar\/sitio\/wp-content\/uploads\/2023\/11\/GOBIERNO-SAN-JUAN.jpg\" alt=\"\" width=\"800\" height=\"600\" srcset=\"https:\/\/vocesparalelas.com.ar\/sitio\/wp-content\/uploads\/2023\/11\/GOBIERNO-SAN-JUAN.jpg 800w, https:\/\/vocesparalelas.com.ar\/sitio\/wp-content\/uploads\/2023\/11\/GOBIERNO-SAN-JUAN-300x225.jpg 300w, https:\/\/vocesparalelas.com.ar\/sitio\/wp-content\/uploads\/2023\/11\/GOBIERNO-SAN-JUAN-768x576.jpg 768w\" sizes=\"auto, (max-width: 800px) 100vw, 800px\" \/><\/p>\n<p>&nbsp;<\/p>\n<p><img loading=\"lazy\" decoding=\"async\" class=\"alignnone size-full wp-image-62371\" src=\"https:\/\/vocesparalelas.com.ar\/sitio\/wp-content\/uploads\/2023\/08\/CORTE-JUSTICIA-SAN-JUAN-01.jpg\" alt=\"\" width=\"800\" height=\"503\" srcset=\"https:\/\/vocesparalelas.com.ar\/sitio\/wp-content\/uploads\/2023\/08\/CORTE-JUSTICIA-SAN-JUAN-01.jpg 800w, https:\/\/vocesparalelas.com.ar\/sitio\/wp-content\/uploads\/2023\/08\/CORTE-JUSTICIA-SAN-JUAN-01-300x189.jpg 300w, https:\/\/vocesparalelas.com.ar\/sitio\/wp-content\/uploads\/2023\/08\/CORTE-JUSTICIA-SAN-JUAN-01-768x483.jpg 768w\" sizes=\"auto, (max-width: 800px) 100vw, 800px\" \/><\/p>\n","protected":false},"excerpt":{"rendered":"<p>Durante el Lunes, 24 de Febrero, y en la Sala Eloy Camus de Casa de Gobierno, de San Juan se<\/p>\n","protected":false},"author":3,"featured_media":83037,"comment_status":"closed","ping_status":"closed","sticky":false,"template":"","format":"standard","meta":{"_acf_changed":false,"_seopress_robots_primary_cat":"none","_seopress_titles_title":"","_seopress_titles_desc":"","_seopress_robots_index":"","colormag_page_container_layout":"default_layout","colormag_page_sidebar_layout":"default_layout","footnotes":""},"categories":[5,7],"tags":[],"class_list":["post-83034","post","type-post","status-publish","format-standard","has-post-thumbnail","hentry","category-ofrecimientos","category-videos"],"acf":[],"_links":{"self":[{"href":"https:\/\/vocesparalelas.com.ar\/sitio\/wp-json\/wp\/v2\/posts\/83034","targetHints":{"allow":["GET"]}}],"collection":[{"href":"https:\/\/vocesparalelas.com.ar\/sitio\/wp-json\/wp\/v2\/posts"}],"about":[{"href":"https:\/\/vocesparalelas.com.ar\/sitio\/wp-json\/wp\/v2\/types\/post"}],"author":[{"embeddable":true,"href":"https:\/\/vocesparalelas.com.ar\/sitio\/wp-json\/wp\/v2\/users\/3"}],"replies":[{"embeddable":true,"href":"https:\/\/vocesparalelas.com.ar\/sitio\/wp-json\/wp\/v2\/comments?post=83034"}],"version-history":[{"count":1,"href":"https:\/\/vocesparalelas.com.ar\/sitio\/wp-json\/wp\/v2\/posts\/83034\/revisions"}],"predecessor-version":[{"id":83038,"href":"https:\/\/vocesparalelas.com.ar\/sitio\/wp-json\/wp\/v2\/posts\/83034\/revisions\/83038"}],"wp:featuredmedia":[{"embeddable":true,"href":"https:\/\/vocesparalelas.com.ar\/sitio\/wp-json\/wp\/v2\/media\/83037"}],"wp:attachment":[{"href":"https:\/\/vocesparalelas.com.ar\/sitio\/wp-json\/wp\/v2\/media?parent=83034"}],"wp:term":[{"taxonomy":"category","embeddable":true,"href":"https:\/\/vocesparalelas.com.ar\/sitio\/wp-json\/wp\/v2\/categories?post=83034"},{"taxonomy":"post_tag","embeddable":true,"href":"https:\/\/vocesparalelas.com.ar\/sitio\/wp-json\/wp\/v2\/tags?post=83034"}],"curies":[{"name":"wp","href":"https:\/\/api.w.org\/{rel}","templated":true}]}}