{"id":83028,"date":"2025-02-24T14:20:53","date_gmt":"2025-02-24T17:20:53","guid":{"rendered":"https:\/\/vocesparalelas.com.ar\/sitio\/?p=83028"},"modified":"2025-02-25T21:56:19","modified_gmt":"2025-02-26T00:56:19","slug":"san-juan-posee-59-escuelas-tecnicas-de-capacitacion-laboral-y-23-anexos","status":"publish","type":"post","link":"https:\/\/vocesparalelas.com.ar\/sitio\/san-juan-posee-59-escuelas-tecnicas-de-capacitacion-laboral-y-23-anexos\/","title":{"rendered":"San Juan posee 59 Escuelas T\u00e9cnicas de Capacitaci\u00f3n Laboral y 23 Anexos"},"content":{"rendered":"<p>El Ministerio de Educaci\u00f3n del Gobierno de San Juan, a trav\u00e9s de la Direcci\u00f3n de Educaci\u00f3n Secundaria T\u00e9cnica y Formaci\u00f3n Profesional, comunica que hay m\u00e1s de 80 escuelas t\u00e9cnicas de capacitaci\u00f3n laboral, incluidos sus anexos, que ofrecen un amplio abanico de especialidades. A su vez, a\u00fan hay tiempo para que los interesados puedan inscribirse, en tanto que las clases comienzan el 26 de Febrero.<\/p>\n<p>El listado de las escuelas est\u00e1 disponible en\u00a0 <a href=\"https:\/\/drive.google.com\/file\/d\/1CZOA2swz5SnnO-RA0LFMgonH8Txd5sRk\/view\">https:\/\/drive.google.com\/file\/d\/1CZOA2swz5SnnO-RA0LFMgonH8Txd5sRk\/view<\/a>\u00a0 \u00a0y los interesados pueden buscar la instituci\u00f3n m\u00e1s cercana o el curso que deseen hacer.<\/p>\n<p>Son escuelas que permiten aprender un oficio y potenciar el futuro, en las que las clases se brindan gratuitamente y los t\u00edtulos son oficiales, emitidos por el Ministerio de Educaci\u00f3n. Otro aspecto destacado es que no hay un limitante en la edad para empezar a cursar.<\/p>\n<p>En San Juan hay 59 escuelas t\u00e9cnicas de capacitaci\u00f3n laboral y 23 anexos, con una oferta acad\u00e9mica de especialidades y cursos tan amplia que va desde gastronom\u00eda profesional y mec\u00e1nica del automotor, a peluquer\u00eda o administraci\u00f3n contable.<\/p>\n<p><span style=\"color: #ff6600;\"><strong>Requisitos para la inscripci\u00f3n<\/strong><\/span><\/p>\n<ul>\n<li>Fotocopia del DNI ambas caras.<\/li>\n<li>Fotocopia del Certificado de Estudios de escuela primaria o secundaria o copia del Libro Matriz.<\/li>\n<li>Fotocopia de la Partida de Nacimiento.<\/li>\n<li>Fotocopia del carnet de vacunas (antitet\u00e1nica).<\/li>\n<\/ul>\n<p><img loading=\"lazy\" decoding=\"async\" class=\"alignnone size-full wp-image-28629\" src=\"https:\/\/vocesparalelas.com.ar\/sitio\/wp-content\/uploads\/2020\/05\/MINISTERIO-EDUCACION-SJ.jpg\" alt=\"\" width=\"800\" height=\"533\" srcset=\"https:\/\/vocesparalelas.com.ar\/sitio\/wp-content\/uploads\/2020\/05\/MINISTERIO-EDUCACION-SJ.jpg 800w, https:\/\/vocesparalelas.com.ar\/sitio\/wp-content\/uploads\/2020\/05\/MINISTERIO-EDUCACION-SJ-300x200.jpg 300w, https:\/\/vocesparalelas.com.ar\/sitio\/wp-content\/uploads\/2020\/05\/MINISTERIO-EDUCACION-SJ-768x512.jpg 768w\" sizes=\"auto, (max-width: 800px) 100vw, 800px\" \/><\/p>\n","protected":false},"excerpt":{"rendered":"<p>El Ministerio de Educaci\u00f3n del Gobierno de San Juan, a trav\u00e9s de la Direcci\u00f3n de Educaci\u00f3n Secundaria T\u00e9cnica y Formaci\u00f3n<\/p>\n","protected":false},"author":3,"featured_media":67888,"comment_status":"closed","ping_status":"closed","sticky":false,"template":"","format":"standard","meta":{"_acf_changed":false,"_seopress_robots_primary_cat":"none","_seopress_titles_title":"","_seopress_titles_desc":"","_seopress_robots_index":"","colormag_page_container_layout":"default_layout","colormag_page_sidebar_layout":"default_layout","footnotes":""},"categories":[5],"tags":[],"class_list":["post-83028","post","type-post","status-publish","format-standard","has-post-thumbnail","hentry","category-ofrecimientos"],"acf":[],"_links":{"self":[{"href":"https:\/\/vocesparalelas.com.ar\/sitio\/wp-json\/wp\/v2\/posts\/83028","targetHints":{"allow":["GET"]}}],"collection":[{"href":"https:\/\/vocesparalelas.com.ar\/sitio\/wp-json\/wp\/v2\/posts"}],"about":[{"href":"https:\/\/vocesparalelas.com.ar\/sitio\/wp-json\/wp\/v2\/types\/post"}],"author":[{"embeddable":true,"href":"https:\/\/vocesparalelas.com.ar\/sitio\/wp-json\/wp\/v2\/users\/3"}],"replies":[{"embeddable":true,"href":"https:\/\/vocesparalelas.com.ar\/sitio\/wp-json\/wp\/v2\/comments?post=83028"}],"version-history":[{"count":1,"href":"https:\/\/vocesparalelas.com.ar\/sitio\/wp-json\/wp\/v2\/posts\/83028\/revisions"}],"predecessor-version":[{"id":83031,"href":"https:\/\/vocesparalelas.com.ar\/sitio\/wp-json\/wp\/v2\/posts\/83028\/revisions\/83031"}],"wp:featuredmedia":[{"embeddable":true,"href":"https:\/\/vocesparalelas.com.ar\/sitio\/wp-json\/wp\/v2\/media\/67888"}],"wp:attachment":[{"href":"https:\/\/vocesparalelas.com.ar\/sitio\/wp-json\/wp\/v2\/media?parent=83028"}],"wp:term":[{"taxonomy":"category","embeddable":true,"href":"https:\/\/vocesparalelas.com.ar\/sitio\/wp-json\/wp\/v2\/categories?post=83028"},{"taxonomy":"post_tag","embeddable":true,"href":"https:\/\/vocesparalelas.com.ar\/sitio\/wp-json\/wp\/v2\/tags?post=83028"}],"curies":[{"name":"wp","href":"https:\/\/api.w.org\/{rel}","templated":true}]}}