{"id":83008,"date":"2025-02-24T12:21:28","date_gmt":"2025-02-24T15:21:28","guid":{"rendered":"https:\/\/vocesparalelas.com.ar\/sitio\/?p=83008"},"modified":"2025-02-25T14:20:18","modified_gmt":"2025-02-25T17:20:18","slug":"encomiendo-a-todos-a-la-intercesion-de-maria-y-les-pido-que-recen-por-mi","status":"publish","type":"post","link":"https:\/\/vocesparalelas.com.ar\/sitio\/encomiendo-a-todos-a-la-intercesion-de-maria-y-les-pido-que-recen-por-mi\/","title":{"rendered":"\u00abEncomiendo a todos a la intercesi\u00f3n de Mar\u00eda y les pido que recen por m\u00ed\u00bb"},"content":{"rendered":"<p>El Domingo, 23 de Febrero de 2025, durante el rezo del \u00c1ngelus, se ley\u00f3 una carta que el Papa Francisco envi\u00f3 desde su lugar de internaci\u00f3n en el Policl\u00ednico Gemelli de Roma:<\/p>\n<p>Esta ma\u00f1ana se ha celebrado la Eucarist\u00eda en la Bas\u00edlica de San Pedro con la ordenaci\u00f3n de algunos candidatos al diaconado. Saludo a ellos y a los participantes en el Jubileo de los Di\u00e1conos que tuvo lugar estos d\u00edas en el Vaticano; y doy las gracias a los Dicasterios para el Clero y para la Evangelizaci\u00f3n por la preparaci\u00f3n de este evento.<\/p>\n<p>Queridos hermanos di\u00e1conos, ustedes se dedican a anunciar la Palabra y al servicio de la caridad; desempe\u00f1an su ministerio en la Iglesia con palabras y obras, llevando a todos el amor y la misericordia de Dios. Los exhorto a continuar con alegr\u00eda su apostolado y a ser, como nos sugiere el Evangelio de hoy, signo de un amor que abraza a todos, que transforma el mal en bien y genera un mundo fraterno. \u00a1No tengan miedo de \u201carriesgar el amor\u201d!<\/p>\n<p>Por mi parte, contin\u00fao con confianza mi hospitalizaci\u00f3n en el Policl\u00ednico Gemelli, siguiendo con los tratamientos necesarios; \u00a1y el descanso tambi\u00e9n forma parte de la terapia! Agradezco de coraz\u00f3n a los m\u00e9dicos y al personal sanitario de este hospital por la atenci\u00f3n que me est\u00e1n demostrando y por la dedicaci\u00f3n con la que realizan su servicio entre las personas enfermas.<\/p>\n<p>Ma\u00f1ana se cumple el tercer aniversario de la guerra a gran escala contra Ucrania: \u00a1un acontecimiento doloroso y vergonzoso para toda la humanidad! Mientras renuevo mi cercan\u00eda al martirizado pueblo ucraniano, los invito a recordar a las v\u00edctimas de todos los conflictos armados y a rezar por el don de la paz en Palestina, en Israel y en todo Oriento Medio, en Myanmar, en Kivu y en Sud\u00e1n.<\/p>\n<p>En estos d\u00edas me han llegado muchos mensajes de afecto y me han impresionado especialmente las cartas y dibujos de los ni\u00f1os. \u00a1Gracias por esta cercan\u00eda y por las oraciones de confortaci\u00f3n que he recibido de todo el mundo! Encomiendo a todos a la intercesi\u00f3n de Mar\u00eda y les pido que recen por m\u00ed.<\/p>\n<p>&nbsp;<\/p>\n<p>&nbsp;<\/p>\n","protected":false},"excerpt":{"rendered":"<p>El Domingo, 23 de Febrero de 2025, durante el rezo del \u00c1ngelus, se ley\u00f3 una carta que el Papa Francisco<\/p>\n","protected":false},"author":3,"featured_media":27278,"comment_status":"closed","ping_status":"closed","sticky":false,"template":"","format":"standard","meta":{"_acf_changed":false,"_seopress_robots_primary_cat":"none","_seopress_titles_title":"","_seopress_titles_desc":"","_seopress_robots_index":"","colormag_page_container_layout":"default_layout","colormag_page_sidebar_layout":"default_layout","footnotes":""},"categories":[10],"tags":[],"class_list":["post-83008","post","type-post","status-publish","format-standard","has-post-thumbnail","hentry","category-opiniones"],"acf":[],"_links":{"self":[{"href":"https:\/\/vocesparalelas.com.ar\/sitio\/wp-json\/wp\/v2\/posts\/83008","targetHints":{"allow":["GET"]}}],"collection":[{"href":"https:\/\/vocesparalelas.com.ar\/sitio\/wp-json\/wp\/v2\/posts"}],"about":[{"href":"https:\/\/vocesparalelas.com.ar\/sitio\/wp-json\/wp\/v2\/types\/post"}],"author":[{"embeddable":true,"href":"https:\/\/vocesparalelas.com.ar\/sitio\/wp-json\/wp\/v2\/users\/3"}],"replies":[{"embeddable":true,"href":"https:\/\/vocesparalelas.com.ar\/sitio\/wp-json\/wp\/v2\/comments?post=83008"}],"version-history":[{"count":1,"href":"https:\/\/vocesparalelas.com.ar\/sitio\/wp-json\/wp\/v2\/posts\/83008\/revisions"}],"predecessor-version":[{"id":83011,"href":"https:\/\/vocesparalelas.com.ar\/sitio\/wp-json\/wp\/v2\/posts\/83008\/revisions\/83011"}],"wp:featuredmedia":[{"embeddable":true,"href":"https:\/\/vocesparalelas.com.ar\/sitio\/wp-json\/wp\/v2\/media\/27278"}],"wp:attachment":[{"href":"https:\/\/vocesparalelas.com.ar\/sitio\/wp-json\/wp\/v2\/media?parent=83008"}],"wp:term":[{"taxonomy":"category","embeddable":true,"href":"https:\/\/vocesparalelas.com.ar\/sitio\/wp-json\/wp\/v2\/categories?post=83008"},{"taxonomy":"post_tag","embeddable":true,"href":"https:\/\/vocesparalelas.com.ar\/sitio\/wp-json\/wp\/v2\/tags?post=83008"}],"curies":[{"name":"wp","href":"https:\/\/api.w.org\/{rel}","templated":true}]}}