{"id":83002,"date":"2025-02-24T12:07:09","date_gmt":"2025-02-24T15:07:09","guid":{"rendered":"https:\/\/vocesparalelas.com.ar\/sitio\/?p=83002"},"modified":"2025-02-25T15:15:02","modified_gmt":"2025-02-25T18:15:02","slug":"regresa-a-su-lugar-de-honor-la-estatua-de-domingo-faustino-sarmiento-en-su-casa-en-san-juan","status":"publish","type":"post","link":"https:\/\/vocesparalelas.com.ar\/sitio\/regresa-a-su-lugar-de-honor-la-estatua-de-domingo-faustino-sarmiento-en-su-casa-en-san-juan\/","title":{"rendered":"Regresa a su lugar de honor la estatua de Domingo Faustino Sarmiento en su casa en San Juan"},"content":{"rendered":"<p>Los trabajos de restauraci\u00f3n de la emblem\u00e1tica estatua de Domingo Faustino Sarmiento, finalizaron luego de tres semanas de trabajo intensivo. La obra ser\u00e1 restituida al Museo Casa Natal de Sarmiento el 27 de Febrero, tras haber sido sometida a una profunda intervenci\u00f3n que logr\u00f3 recuperar el 100% de su estructura.<\/p>\n<p>La estatua lleg\u00f3 al taller del Ferrourban\u00edstico, que pertenece a la Direcci\u00f3n de Infraestructura Cultural del Ministerio de Turismo, Cultura y Deporte del Gobierno de San Juan, con un casi 70% de su estructura da\u00f1ada, afectada por el paso del tiempo, las inclemencias del clima y actos de vandalismo. Durante el proceso de restauraci\u00f3n se repararon da\u00f1os en partes clave de la escultura, como los brazos, la cabeza y el libro que el pr\u00f3cer sostiene entre sus manos.<\/p>\n<p><img loading=\"lazy\" decoding=\"async\" class=\"alignnone size-large wp-image-83006\" src=\"https:\/\/vocesparalelas.com.ar\/sitio\/wp-content\/uploads\/2025\/02\/SARMIENTO-ESTATUA-RESTAURADA-02.jpg\" alt=\"\" width=\"800\" height=\"534\" srcset=\"https:\/\/vocesparalelas.com.ar\/sitio\/wp-content\/uploads\/2025\/02\/SARMIENTO-ESTATUA-RESTAURADA-02.jpg 800w, https:\/\/vocesparalelas.com.ar\/sitio\/wp-content\/uploads\/2025\/02\/SARMIENTO-ESTATUA-RESTAURADA-02-300x200.jpg 300w, https:\/\/vocesparalelas.com.ar\/sitio\/wp-content\/uploads\/2025\/02\/SARMIENTO-ESTATUA-RESTAURADA-02-768x513.jpg 768w\" sizes=\"auto, (max-width: 800px) 100vw, 800px\" \/><\/p>\n<p>La restauraci\u00f3n incluy\u00f3 reparaciones estructurales, repintado con acr\u00edlicos y lacas especiales, y trabajos de protecci\u00f3n para evitar futuros da\u00f1os. Los da\u00f1os sufridos por la estatua fueron producto de la exposici\u00f3n al sol, las lluvias, la acci\u00f3n de la piedra y actos vand\u00e1licos.<\/p>\n<p>Uno de los aspectos m\u00e1s destacados de la intervenci\u00f3n fue la conservaci\u00f3n del trabajo original realizado por Juan Carlos Mart\u00ednez, quien fue el restaurador original de la obra creada por el artista Fernando Roberto Pugliese. En este sentido, se cubrieron los ojos de la estatua para preservar la pintura original.<\/p>\n<p>Adem\u00e1s, se realiz\u00f3 una r\u00e9plica exacta del libro que Sarmiento sostiene entre sus manos, resguard\u00e1ndose la pieza original, debido a su deterioro. De esta manera, la pieza original se mantendr\u00e1 conservada.<\/p>\n<p>El equipo encargado de la restauraci\u00f3n estuvo compuesto por el personal de la Direcci\u00f3n de Infraestructura Cultural del Ministerio de Turismo, Cultura y Deporte, entre ellos Dar\u00edo Arce, Sergio Aballay, Leandro Varela, Marcos Bruna, Gerardo Tejada y Abel Mart\u00ednez.<\/p>\n<p>La estatua restaurada ser\u00e1 nuevamente exhibida en el Museo Casa Natal de Sarmiento. La importancia de esta restauraci\u00f3n radica no solo en la recuperaci\u00f3n de un s\u00edmbolo patrimonial, sino tambi\u00e9n en la preservaci\u00f3n de la cultura sanjuanina y un recordatorio del legado de quien fuera uno de los hombres destacados de la historia de Argentina.<\/p>\n<p><img loading=\"lazy\" decoding=\"async\" class=\"alignnone size-full wp-image-41746\" src=\"https:\/\/vocesparalelas.com.ar\/sitio\/wp-content\/uploads\/2021\/09\/CASA-SARMIENTO-FRENTE-01.jpg\" alt=\"\" width=\"800\" height=\"533\" srcset=\"https:\/\/vocesparalelas.com.ar\/sitio\/wp-content\/uploads\/2021\/09\/CASA-SARMIENTO-FRENTE-01.jpg 800w, https:\/\/vocesparalelas.com.ar\/sitio\/wp-content\/uploads\/2021\/09\/CASA-SARMIENTO-FRENTE-01-300x200.jpg 300w, https:\/\/vocesparalelas.com.ar\/sitio\/wp-content\/uploads\/2021\/09\/CASA-SARMIENTO-FRENTE-01-768x512.jpg 768w\" sizes=\"auto, (max-width: 800px) 100vw, 800px\" \/><\/p>\n","protected":false},"excerpt":{"rendered":"<p>Los trabajos de restauraci\u00f3n de la emblem\u00e1tica estatua de Domingo Faustino Sarmiento, finalizaron luego de tres semanas de trabajo intensivo.<\/p>\n","protected":false},"author":3,"featured_media":83005,"comment_status":"closed","ping_status":"closed","sticky":false,"template":"","format":"standard","meta":{"_acf_changed":false,"_seopress_robots_primary_cat":"none","_seopress_titles_title":"","_seopress_titles_desc":"","_seopress_robots_index":"","colormag_page_container_layout":"default_layout","colormag_page_sidebar_layout":"default_layout","footnotes":""},"categories":[5],"tags":[],"class_list":["post-83002","post","type-post","status-publish","format-standard","has-post-thumbnail","hentry","category-ofrecimientos"],"acf":[],"_links":{"self":[{"href":"https:\/\/vocesparalelas.com.ar\/sitio\/wp-json\/wp\/v2\/posts\/83002","targetHints":{"allow":["GET"]}}],"collection":[{"href":"https:\/\/vocesparalelas.com.ar\/sitio\/wp-json\/wp\/v2\/posts"}],"about":[{"href":"https:\/\/vocesparalelas.com.ar\/sitio\/wp-json\/wp\/v2\/types\/post"}],"author":[{"embeddable":true,"href":"https:\/\/vocesparalelas.com.ar\/sitio\/wp-json\/wp\/v2\/users\/3"}],"replies":[{"embeddable":true,"href":"https:\/\/vocesparalelas.com.ar\/sitio\/wp-json\/wp\/v2\/comments?post=83002"}],"version-history":[{"count":1,"href":"https:\/\/vocesparalelas.com.ar\/sitio\/wp-json\/wp\/v2\/posts\/83002\/revisions"}],"predecessor-version":[{"id":83007,"href":"https:\/\/vocesparalelas.com.ar\/sitio\/wp-json\/wp\/v2\/posts\/83002\/revisions\/83007"}],"wp:featuredmedia":[{"embeddable":true,"href":"https:\/\/vocesparalelas.com.ar\/sitio\/wp-json\/wp\/v2\/media\/83005"}],"wp:attachment":[{"href":"https:\/\/vocesparalelas.com.ar\/sitio\/wp-json\/wp\/v2\/media?parent=83002"}],"wp:term":[{"taxonomy":"category","embeddable":true,"href":"https:\/\/vocesparalelas.com.ar\/sitio\/wp-json\/wp\/v2\/categories?post=83002"},{"taxonomy":"post_tag","embeddable":true,"href":"https:\/\/vocesparalelas.com.ar\/sitio\/wp-json\/wp\/v2\/tags?post=83002"}],"curies":[{"name":"wp","href":"https:\/\/api.w.org\/{rel}","templated":true}]}}