{"id":82995,"date":"2025-02-24T11:54:36","date_gmt":"2025-02-24T14:54:36","guid":{"rendered":"https:\/\/vocesparalelas.com.ar\/sitio\/?p=82995"},"modified":"2025-02-25T15:13:36","modified_gmt":"2025-02-25T18:13:36","slug":"plogging-para-generar-conciencia-y-cuidar-el-ambiente-en-san-juan","status":"publish","type":"post","link":"https:\/\/vocesparalelas.com.ar\/sitio\/plogging-para-generar-conciencia-y-cuidar-el-ambiente-en-san-juan\/","title":{"rendered":"Plogging para generar conciencia y cuidar el ambiente en San Juan"},"content":{"rendered":"<p>El S\u00e1bado, 22 de Febrero, la Secretar\u00eda de Ambiente y Desarrollo Sustentable del Gobierno de San Juan desarroll\u00f3 una jornada de plogging, en la Localidad de San Agust\u00edn, Departamento Valle F\u00e9rtil.<\/p>\n<p>Esta actividad, que combina caminata y recolecci\u00f3n de residuos, se realiz\u00f3 en los m\u00e1rgenes del R\u00edo San Agust\u00edn y en la Bah\u00eda de los Pescadores del Dique, con el objetivo de limpiar estos espacios naturales y fomentar la conciencia ambiental.<\/p>\n<p><img loading=\"lazy\" decoding=\"async\" class=\"alignnone size-full wp-image-83000\" src=\"https:\/\/vocesparalelas.com.ar\/sitio\/wp-content\/uploads\/2025\/02\/AMBIENTE-CONCIENCIA-03.jpg\" alt=\"\" width=\"800\" height=\"450\" srcset=\"https:\/\/vocesparalelas.com.ar\/sitio\/wp-content\/uploads\/2025\/02\/AMBIENTE-CONCIENCIA-03.jpg 800w, https:\/\/vocesparalelas.com.ar\/sitio\/wp-content\/uploads\/2025\/02\/AMBIENTE-CONCIENCIA-03-300x169.jpg 300w, https:\/\/vocesparalelas.com.ar\/sitio\/wp-content\/uploads\/2025\/02\/AMBIENTE-CONCIENCIA-03-768x432.jpg 768w\" sizes=\"auto, (max-width: 800px) 100vw, 800px\" \/><\/p>\n<p>El plogging es una iniciativa que promueve la actividad f\u00edsica al aire libre mientras se retiran residuos que contaminan el entorno.<\/p>\n<p><iframe loading=\"lazy\" title=\"SAN JUAN AMBIENTE\" width=\"800\" height=\"450\" src=\"https:\/\/www.youtube.com\/embed\/pkpQDlgknkk?feature=oembed\" frameborder=\"0\" allow=\"accelerometer; autoplay; clipboard-write; encrypted-media; gyroscope; picture-in-picture; web-share\" referrerpolicy=\"strict-origin-when-cross-origin\" allowfullscreen><\/iframe><\/p>\n<p>Participaron j\u00f3venes de la divisi\u00f3n M14 de Alfiles, junto a padres y managers del equipo, vecinos de la zona, agentes de conservaci\u00f3n y personal de la Secretar\u00eda de Ambiente.<\/p>\n<p>Desde la Secretar\u00eda siguen impulsando acciones para lograr un San Juan m\u00e1s limpio y comprometido con el cuidado de los recursos naturales.<\/p>\n<p>&nbsp;<\/p>\n<p><img loading=\"lazy\" decoding=\"async\" class=\"alignnone size-full wp-image-82999\" src=\"https:\/\/vocesparalelas.com.ar\/sitio\/wp-content\/uploads\/2025\/02\/AMBIENTE-CONCIENCIA-02.jpg\" alt=\"\" width=\"800\" height=\"450\" srcset=\"https:\/\/vocesparalelas.com.ar\/sitio\/wp-content\/uploads\/2025\/02\/AMBIENTE-CONCIENCIA-02.jpg 800w, https:\/\/vocesparalelas.com.ar\/sitio\/wp-content\/uploads\/2025\/02\/AMBIENTE-CONCIENCIA-02-300x169.jpg 300w, https:\/\/vocesparalelas.com.ar\/sitio\/wp-content\/uploads\/2025\/02\/AMBIENTE-CONCIENCIA-02-768x432.jpg 768w\" sizes=\"auto, (max-width: 800px) 100vw, 800px\" \/><\/p>\n","protected":false},"excerpt":{"rendered":"<p>El S\u00e1bado, 22 de Febrero, la Secretar\u00eda de Ambiente y Desarrollo Sustentable del Gobierno de San Juan desarroll\u00f3 una jornada<\/p>\n","protected":false},"author":3,"featured_media":82998,"comment_status":"closed","ping_status":"closed","sticky":false,"template":"","format":"standard","meta":{"_acf_changed":false,"_seopress_robots_primary_cat":"none","_seopress_titles_title":"","_seopress_titles_desc":"","_seopress_robots_index":"","colormag_page_container_layout":"default_layout","colormag_page_sidebar_layout":"default_layout","footnotes":""},"categories":[2,7],"tags":[],"class_list":["post-82995","post","type-post","status-publish","format-standard","has-post-thumbnail","hentry","category-convocatorias","category-videos"],"acf":[],"_links":{"self":[{"href":"https:\/\/vocesparalelas.com.ar\/sitio\/wp-json\/wp\/v2\/posts\/82995","targetHints":{"allow":["GET"]}}],"collection":[{"href":"https:\/\/vocesparalelas.com.ar\/sitio\/wp-json\/wp\/v2\/posts"}],"about":[{"href":"https:\/\/vocesparalelas.com.ar\/sitio\/wp-json\/wp\/v2\/types\/post"}],"author":[{"embeddable":true,"href":"https:\/\/vocesparalelas.com.ar\/sitio\/wp-json\/wp\/v2\/users\/3"}],"replies":[{"embeddable":true,"href":"https:\/\/vocesparalelas.com.ar\/sitio\/wp-json\/wp\/v2\/comments?post=82995"}],"version-history":[{"count":3,"href":"https:\/\/vocesparalelas.com.ar\/sitio\/wp-json\/wp\/v2\/posts\/82995\/revisions"}],"predecessor-version":[{"id":83033,"href":"https:\/\/vocesparalelas.com.ar\/sitio\/wp-json\/wp\/v2\/posts\/82995\/revisions\/83033"}],"wp:featuredmedia":[{"embeddable":true,"href":"https:\/\/vocesparalelas.com.ar\/sitio\/wp-json\/wp\/v2\/media\/82998"}],"wp:attachment":[{"href":"https:\/\/vocesparalelas.com.ar\/sitio\/wp-json\/wp\/v2\/media?parent=82995"}],"wp:term":[{"taxonomy":"category","embeddable":true,"href":"https:\/\/vocesparalelas.com.ar\/sitio\/wp-json\/wp\/v2\/categories?post=82995"},{"taxonomy":"post_tag","embeddable":true,"href":"https:\/\/vocesparalelas.com.ar\/sitio\/wp-json\/wp\/v2\/tags?post=82995"}],"curies":[{"name":"wp","href":"https:\/\/api.w.org\/{rel}","templated":true}]}}