{"id":82919,"date":"2025-02-21T11:39:45","date_gmt":"2025-02-21T14:39:45","guid":{"rendered":"https:\/\/vocesparalelas.com.ar\/sitio\/?p=82919"},"modified":"2025-02-22T20:36:43","modified_gmt":"2025-02-22T23:36:43","slug":"festival-de-arte-urbano-en-el-cccg-de-san-juan","status":"publish","type":"post","link":"https:\/\/vocesparalelas.com.ar\/sitio\/festival-de-arte-urbano-en-el-cccg-de-san-juan\/","title":{"rendered":"\u00abFestival de Arte Urbano\u00bb en el CCCG de San Juan"},"content":{"rendered":"<p>El Ministerio de Turismo, Cultura y Deporte del Gobierno de San Juan, a trav\u00e9s del Centro Cultural Conte Grand, invita a\u00a0 la comunidad a participar del Festival de Arte Urbano, el S\u00e1bado, 22 de Febrero, de 19:00 a 23:00 hs.; en la explanada y espacios verdes del CCCG. Entrada libre y gratuita.<\/p>\n<p>Este festival busca fomentar la expresi\u00f3n art\u00edstica libre, ofreciendo un espacio inclusivo para que j\u00f3venes y artistas puedan mostrar su talento. El evento contar\u00e1 con tres nodos esc\u00e9nicos como el Escenario principal donde habr\u00e1 presentaciones musicales de 20:00 a 23:00, la Pista deportiva con exhibiciones de deportes urbanos de 20:00 a 22:00 y la Pista Graff, un espacio para la creaci\u00f3n de graffiti en vivo, junto a un mercado urbano y un sector gastron\u00f3mico de 20:00 a 22 hs.<\/p>\n<p><iframe loading=\"lazy\" title=\"CCCG ARTE URBANO SAN JUAN\" width=\"800\" height=\"450\" src=\"https:\/\/www.youtube.com\/embed\/LSJHrASwHuE?feature=oembed\" frameborder=\"0\" allow=\"accelerometer; autoplay; clipboard-write; encrypted-media; gyroscope; picture-in-picture; web-share\" referrerpolicy=\"strict-origin-when-cross-origin\" allowfullscreen><\/iframe><\/p>\n<p><span style=\"color: #ff6600;\"><strong>Cronograma<\/strong><\/span><\/p>\n<ul>\n<li>19:00\u00a0 hs.; Apertura con show de Beatbox<\/li>\n<li>19:30 hs.; Exhibici\u00f3n de deportes urbanos<\/li>\n<li>19:45 hs.; Presentaci\u00f3n de FOALS<\/li>\n<li>22:30 hs.; Cierre musical con Nehuen Aballay<\/li>\n<\/ul>\n<p><img loading=\"lazy\" decoding=\"async\" class=\"alignnone size-large wp-image-22523\" src=\"https:\/\/vocesparalelas.com.ar\/sitio\/wp-content\/uploads\/2019\/07\/CENTRO-CULTURAL-CONTE-GRAND-800x601.jpg\" alt=\"\" width=\"800\" height=\"601\" srcset=\"https:\/\/vocesparalelas.com.ar\/sitio\/wp-content\/uploads\/2019\/07\/CENTRO-CULTURAL-CONTE-GRAND-800x601.jpg 800w, https:\/\/vocesparalelas.com.ar\/sitio\/wp-content\/uploads\/2019\/07\/CENTRO-CULTURAL-CONTE-GRAND-300x225.jpg 300w, https:\/\/vocesparalelas.com.ar\/sitio\/wp-content\/uploads\/2019\/07\/CENTRO-CULTURAL-CONTE-GRAND-768x577.jpg 768w, https:\/\/vocesparalelas.com.ar\/sitio\/wp-content\/uploads\/2019\/07\/CENTRO-CULTURAL-CONTE-GRAND.jpg 1000w\" sizes=\"auto, (max-width: 800px) 100vw, 800px\" \/><\/p>\n","protected":false},"excerpt":{"rendered":"<p>El Ministerio de Turismo, Cultura y Deporte del Gobierno de San Juan, a trav\u00e9s del Centro Cultural Conte Grand, invita<\/p>\n","protected":false},"author":3,"featured_media":82922,"comment_status":"closed","ping_status":"closed","sticky":false,"template":"","format":"standard","meta":{"_acf_changed":false,"_seopress_robots_primary_cat":"none","_seopress_titles_title":"","_seopress_titles_desc":"","_seopress_robots_index":"","colormag_page_container_layout":"default_layout","colormag_page_sidebar_layout":"default_layout","footnotes":""},"categories":[20,7],"tags":[],"class_list":["post-82919","post","type-post","status-publish","format-standard","has-post-thumbnail","hentry","category-cartelera","category-videos"],"acf":[],"_links":{"self":[{"href":"https:\/\/vocesparalelas.com.ar\/sitio\/wp-json\/wp\/v2\/posts\/82919","targetHints":{"allow":["GET"]}}],"collection":[{"href":"https:\/\/vocesparalelas.com.ar\/sitio\/wp-json\/wp\/v2\/posts"}],"about":[{"href":"https:\/\/vocesparalelas.com.ar\/sitio\/wp-json\/wp\/v2\/types\/post"}],"author":[{"embeddable":true,"href":"https:\/\/vocesparalelas.com.ar\/sitio\/wp-json\/wp\/v2\/users\/3"}],"replies":[{"embeddable":true,"href":"https:\/\/vocesparalelas.com.ar\/sitio\/wp-json\/wp\/v2\/comments?post=82919"}],"version-history":[{"count":4,"href":"https:\/\/vocesparalelas.com.ar\/sitio\/wp-json\/wp\/v2\/posts\/82919\/revisions"}],"predecessor-version":[{"id":82973,"href":"https:\/\/vocesparalelas.com.ar\/sitio\/wp-json\/wp\/v2\/posts\/82919\/revisions\/82973"}],"wp:featuredmedia":[{"embeddable":true,"href":"https:\/\/vocesparalelas.com.ar\/sitio\/wp-json\/wp\/v2\/media\/82922"}],"wp:attachment":[{"href":"https:\/\/vocesparalelas.com.ar\/sitio\/wp-json\/wp\/v2\/media?parent=82919"}],"wp:term":[{"taxonomy":"category","embeddable":true,"href":"https:\/\/vocesparalelas.com.ar\/sitio\/wp-json\/wp\/v2\/categories?post=82919"},{"taxonomy":"post_tag","embeddable":true,"href":"https:\/\/vocesparalelas.com.ar\/sitio\/wp-json\/wp\/v2\/tags?post=82919"}],"curies":[{"name":"wp","href":"https:\/\/api.w.org\/{rel}","templated":true}]}}