{"id":82915,"date":"2025-02-21T11:11:39","date_gmt":"2025-02-21T14:11:39","guid":{"rendered":"https:\/\/vocesparalelas.com.ar\/sitio\/?p=82915"},"modified":"2025-02-21T21:07:14","modified_gmt":"2025-02-22T00:07:14","slug":"modifican-recorridos-de-redtulum-por-vive-el-carnaval-en-san-juan","status":"publish","type":"post","link":"https:\/\/vocesparalelas.com.ar\/sitio\/modifican-recorridos-de-redtulum-por-vive-el-carnaval-en-san-juan\/","title":{"rendered":"Modifican recorridos de RedTulum por \u201cVive el Carnaval\u201d en San Juan"},"content":{"rendered":"<p>La Direcci\u00f3n de Coordinaci\u00f3n de RedTulum, perteneciente al Ministerio de Gobierno de San Juan, inform\u00f3 que durante el evento \u201cVive el Carnaval\u201d, el S\u00e1bado, 22 de Febrero, hay corte de calzada total de 16 a 03 hs. en Capital.<\/p>\n<p>Espa\u00f1a entre Mitre y Av. C\u00f3rdoba; Av. C\u00f3rdoba entre Av. Espa\u00f1a y Las Heras, carril derecho y Santa Fe entre Salta y Av. Espa\u00f1a, Departamento Capital.<\/p>\n<p><span style=\"color: #ff6600;\"><strong>L\u00edneas afectadas<\/strong><\/span><\/p>\n<ul>\n<li>Libertador S.R.L.: 160 &#8211; 161 &#8211; 162<\/li>\n<li>U.T.E. La Marina S.A. \u2013 La Positiva S.A.: TEO 1\/2\/3 &#8211; 100 &#8211; 102 &#8211; 104 &#8211; 121 &#8211; 122 &#8211; 124 &#8211; 125 &#8211; 130<\/li>\n<li>Mayo S.R.L.: C &#8211; 2 &#8211; 201 \u2013 202 \u2013 204 \u2013 209 &#8211; 244 \u2013 247<\/li>\n<li>Alto de Sierra S.R.L.: D.<\/li>\n<li>El Triunfo S.A.: TNS &#8211; 321 &#8211; 323 &#8211; 340 &#8211; 341 \u2013 345.<\/li>\n<li>Albard\u00f3n S.R.L.: 400 \u2013 402 &#8211; 408 \u2013 460.<\/li>\n<\/ul>\n<p><strong><span style=\"color: #ff6600;\">Acerca de \u201cVive el Carnaval\u201d<\/span><\/strong><\/p>\n<p>La actividad organizada por la Municipalidad de la Ciudad de San Juan se realizar\u00e1 en el Teatro del Bicentenario (por calles Espa\u00f1a y Santa Fe) a partir de las 18 horas y se trata de un evento que re\u00fane m\u00fasica y conciencia ambiental.<\/p>\n<p>La propuesta musical cuenta con la presentaci\u00f3n de Brigado Crew, el d\u00fao de DJs y productores compuesto por Brian Harrison y Mart\u00edn Kasall, reconocidos en la escena electr\u00f3nica. Tambi\u00e9n, est\u00e1 presente el DJ y productor sanjuanino Germ\u00e1n Carrizo, mientras que Nacho Rodr\u00edguez traer\u00e1 el ritmo del cachengue.<\/p>\n<p><img loading=\"lazy\" decoding=\"async\" class=\"alignnone size-full wp-image-74417\" src=\"https:\/\/vocesparalelas.com.ar\/sitio\/wp-content\/uploads\/2024\/07\/REDTULUM-LOGO.jpg\" alt=\"\" width=\"800\" height=\"600\" srcset=\"https:\/\/vocesparalelas.com.ar\/sitio\/wp-content\/uploads\/2024\/07\/REDTULUM-LOGO.jpg 800w, https:\/\/vocesparalelas.com.ar\/sitio\/wp-content\/uploads\/2024\/07\/REDTULUM-LOGO-300x225.jpg 300w, https:\/\/vocesparalelas.com.ar\/sitio\/wp-content\/uploads\/2024\/07\/REDTULUM-LOGO-768x576.jpg 768w\" sizes=\"auto, (max-width: 800px) 100vw, 800px\" \/><\/p>\n","protected":false},"excerpt":{"rendered":"<p>La Direcci\u00f3n de Coordinaci\u00f3n de RedTulum, perteneciente al Ministerio de Gobierno de San Juan, inform\u00f3 que durante el evento \u201cVive<\/p>\n","protected":false},"author":3,"featured_media":69210,"comment_status":"closed","ping_status":"closed","sticky":false,"template":"","format":"standard","meta":{"_acf_changed":false,"_seopress_robots_primary_cat":"none","_seopress_titles_title":"","_seopress_titles_desc":"","_seopress_robots_index":"","colormag_page_container_layout":"default_layout","colormag_page_sidebar_layout":"default_layout","footnotes":""},"categories":[6],"tags":[],"class_list":["post-82915","post","type-post","status-publish","format-standard","has-post-thumbnail","hentry","category-eventos"],"acf":[],"_links":{"self":[{"href":"https:\/\/vocesparalelas.com.ar\/sitio\/wp-json\/wp\/v2\/posts\/82915","targetHints":{"allow":["GET"]}}],"collection":[{"href":"https:\/\/vocesparalelas.com.ar\/sitio\/wp-json\/wp\/v2\/posts"}],"about":[{"href":"https:\/\/vocesparalelas.com.ar\/sitio\/wp-json\/wp\/v2\/types\/post"}],"author":[{"embeddable":true,"href":"https:\/\/vocesparalelas.com.ar\/sitio\/wp-json\/wp\/v2\/users\/3"}],"replies":[{"embeddable":true,"href":"https:\/\/vocesparalelas.com.ar\/sitio\/wp-json\/wp\/v2\/comments?post=82915"}],"version-history":[{"count":1,"href":"https:\/\/vocesparalelas.com.ar\/sitio\/wp-json\/wp\/v2\/posts\/82915\/revisions"}],"predecessor-version":[{"id":82918,"href":"https:\/\/vocesparalelas.com.ar\/sitio\/wp-json\/wp\/v2\/posts\/82915\/revisions\/82918"}],"wp:featuredmedia":[{"embeddable":true,"href":"https:\/\/vocesparalelas.com.ar\/sitio\/wp-json\/wp\/v2\/media\/69210"}],"wp:attachment":[{"href":"https:\/\/vocesparalelas.com.ar\/sitio\/wp-json\/wp\/v2\/media?parent=82915"}],"wp:term":[{"taxonomy":"category","embeddable":true,"href":"https:\/\/vocesparalelas.com.ar\/sitio\/wp-json\/wp\/v2\/categories?post=82915"},{"taxonomy":"post_tag","embeddable":true,"href":"https:\/\/vocesparalelas.com.ar\/sitio\/wp-json\/wp\/v2\/tags?post=82915"}],"curies":[{"name":"wp","href":"https:\/\/api.w.org\/{rel}","templated":true}]}}