{"id":82910,"date":"2025-02-20T21:05:37","date_gmt":"2025-02-21T00:05:37","guid":{"rendered":"https:\/\/vocesparalelas.com.ar\/sitio\/?p=82910"},"modified":"2025-02-21T19:37:23","modified_gmt":"2025-02-21T22:37:23","slug":"la-policia-de-san-juan-invita-a-la-comunidad-a-reconocer-efectos-personales","status":"publish","type":"post","link":"https:\/\/vocesparalelas.com.ar\/sitio\/la-policia-de-san-juan-invita-a-la-comunidad-a-reconocer-efectos-personales\/","title":{"rendered":"La Polic\u00eda de San Juan invita a la comunidad a reconocer efectos personales"},"content":{"rendered":"<p>La Secci\u00f3n Brigada de Investigaciones Central, dependiente de la Direcci\u00f3n Coordinaci\u00f3n Judicial D-5 de la Polic\u00eda de San Juan desarroll\u00f3 una exhaustiva investigaci\u00f3n desde Octubre de 2024 hasta la actualidad, relacionada con una serie de hechos il\u00edcitos ocurridos en diferentes lugares del Gran San Juan.<\/p>\n<p>Estos hechos il\u00edcitos inclu\u00edan robos en la v\u00eda p\u00fablica, bajo la modalidad de \u00abrobos arrebatos\u00bb, as\u00ed como entradas ilegales en viviendas particulares, bajo la modalidad de \u00abentraderas y escruche\u00bb. Luego de consumar estos delitos, los autores distribu\u00edan los efectos sustra\u00eddos entre los integrantes de las bandas delictivas.<\/p>\n<p>Gracias a estas investigaciones, los efectivos de la Secci\u00f3n Brigada Central de la Polic\u00eda de San Juan lograron secuestrar una gran cantidad de efectos y detener a los integrantes de las bandas, quienes actualmente se encuentran bajo prisi\u00f3n preventiva en el Servicio Penitenciario Provincial, a la espera de ser sometidos a juicio.<\/p>\n<p>Muchos de los damnificados lograron reconocer entre los efectos secuestrados en las viviendas de los detenidos, objetos que hab\u00edan sido sustra\u00eddos de sus propiedades.<\/p>\n<p>La Polic\u00eda de San Juan y la UFI Delitos contra la Propiedad, a cargo de la Fiscal Coordinadora Dra. Claudia Salica, invitan a todas las personas que hayan sido v\u00edctimas de hechos delictivos con estas modalidades a concurrir a las oficinas de la Secci\u00f3n Brigada de Investigaci\u00f3n Central, ubicadas en el primer piso, ala norte del edificio de la Central de Polic\u00eda, sito en calle Entre R\u00edos N\u00ba 579 &#8211; S &#8211; Capital.<\/p>\n<p>El objetivo es que las v\u00edctimas puedan reconocer si entre los efectos secuestrados se encuentran objetos de su propiedad, y as\u00ed poder proceder a su restituci\u00f3n.<\/p>\n<p><img loading=\"lazy\" decoding=\"async\" class=\"alignnone size-full wp-image-82913\" src=\"https:\/\/vocesparalelas.com.ar\/sitio\/wp-content\/uploads\/2025\/02\/OBJETOS-POLICIA.jpg\" alt=\"\" width=\"800\" height=\"600\" srcset=\"https:\/\/vocesparalelas.com.ar\/sitio\/wp-content\/uploads\/2025\/02\/OBJETOS-POLICIA.jpg 800w, https:\/\/vocesparalelas.com.ar\/sitio\/wp-content\/uploads\/2025\/02\/OBJETOS-POLICIA-300x225.jpg 300w, https:\/\/vocesparalelas.com.ar\/sitio\/wp-content\/uploads\/2025\/02\/OBJETOS-POLICIA-768x576.jpg 768w\" sizes=\"auto, (max-width: 800px) 100vw, 800px\" \/><\/p>\n","protected":false},"excerpt":{"rendered":"<p>La Secci\u00f3n Brigada de Investigaciones Central, dependiente de la Direcci\u00f3n Coordinaci\u00f3n Judicial D-5 de la Polic\u00eda de San Juan desarroll\u00f3<\/p>\n","protected":false},"author":3,"featured_media":59001,"comment_status":"closed","ping_status":"closed","sticky":false,"template":"","format":"standard","meta":{"_acf_changed":false,"_seopress_robots_primary_cat":"none","_seopress_titles_title":"","_seopress_titles_desc":"","_seopress_robots_index":"","colormag_page_container_layout":"default_layout","colormag_page_sidebar_layout":"default_layout","footnotes":""},"categories":[6],"tags":[],"class_list":["post-82910","post","type-post","status-publish","format-standard","has-post-thumbnail","hentry","category-eventos"],"acf":[],"_links":{"self":[{"href":"https:\/\/vocesparalelas.com.ar\/sitio\/wp-json\/wp\/v2\/posts\/82910","targetHints":{"allow":["GET"]}}],"collection":[{"href":"https:\/\/vocesparalelas.com.ar\/sitio\/wp-json\/wp\/v2\/posts"}],"about":[{"href":"https:\/\/vocesparalelas.com.ar\/sitio\/wp-json\/wp\/v2\/types\/post"}],"author":[{"embeddable":true,"href":"https:\/\/vocesparalelas.com.ar\/sitio\/wp-json\/wp\/v2\/users\/3"}],"replies":[{"embeddable":true,"href":"https:\/\/vocesparalelas.com.ar\/sitio\/wp-json\/wp\/v2\/comments?post=82910"}],"version-history":[{"count":1,"href":"https:\/\/vocesparalelas.com.ar\/sitio\/wp-json\/wp\/v2\/posts\/82910\/revisions"}],"predecessor-version":[{"id":82914,"href":"https:\/\/vocesparalelas.com.ar\/sitio\/wp-json\/wp\/v2\/posts\/82910\/revisions\/82914"}],"wp:featuredmedia":[{"embeddable":true,"href":"https:\/\/vocesparalelas.com.ar\/sitio\/wp-json\/wp\/v2\/media\/59001"}],"wp:attachment":[{"href":"https:\/\/vocesparalelas.com.ar\/sitio\/wp-json\/wp\/v2\/media?parent=82910"}],"wp:term":[{"taxonomy":"category","embeddable":true,"href":"https:\/\/vocesparalelas.com.ar\/sitio\/wp-json\/wp\/v2\/categories?post=82910"},{"taxonomy":"post_tag","embeddable":true,"href":"https:\/\/vocesparalelas.com.ar\/sitio\/wp-json\/wp\/v2\/tags?post=82910"}],"curies":[{"name":"wp","href":"https:\/\/api.w.org\/{rel}","templated":true}]}}