{"id":82903,"date":"2025-02-20T23:38:35","date_gmt":"2025-02-21T02:38:35","guid":{"rendered":"https:\/\/vocesparalelas.com.ar\/sitio\/?p=82903"},"modified":"2025-02-28T21:37:59","modified_gmt":"2025-03-01T00:37:59","slug":"rivadavia-en-colores-2025-para-disfrutar-en-familia","status":"publish","type":"post","link":"https:\/\/vocesparalelas.com.ar\/sitio\/rivadavia-en-colores-2025-para-disfrutar-en-familia\/","title":{"rendered":"\u00abRivadavia en Colores 2025\u00bb para disfrutar en familia"},"content":{"rendered":"<p>La Municipalidad de la Ciudad de Rivadavia organiza y pone en valor el Lunes, 3 de Marzo, desde las 19 hs.; en el Parque Rivadavia con entrada libre y gratuita, pone a disposici\u00f3n de la familia una propuesta cultural para que juntos ser parte de\u00a0 \u00abRivadavia en Colores\u00bb.<\/p>\n<p><iframe loading=\"lazy\" title=\"RIVADAVIA EN COLORES 2025\" width=\"800\" height=\"450\" src=\"https:\/\/www.youtube.com\/embed\/iQm2cHfcEUA?feature=oembed\" frameborder=\"0\" allow=\"accelerometer; autoplay; clipboard-write; encrypted-media; gyroscope; picture-in-picture; web-share\" referrerpolicy=\"strict-origin-when-cross-origin\" allowfullscreen><\/iframe><\/p>\n<p>&nbsp;<\/p>\n<p>Por ello, el intendente de la Municipalidad de la Ciudad de Rivadavia, Sergio Miodowsky explic\u00f3 lo significa Rivadavia en Colores para los vecinos y visitantes . Adem\u00e1s, adelant\u00f3 lo que se viene para el departamento porque siguen trabajando con fondos municipales.<\/p>\n<p><iframe loading=\"lazy\" title=\"RIVADAVIA INTENDENTE SERGIO MIODOWSKY\" width=\"800\" height=\"450\" src=\"https:\/\/www.youtube.com\/embed\/nh7sCKXL0gA?feature=oembed\" frameborder=\"0\" allow=\"accelerometer; autoplay; clipboard-write; encrypted-media; gyroscope; picture-in-picture; web-share\" referrerpolicy=\"strict-origin-when-cross-origin\" allowfullscreen><\/iframe><\/p>\n<p>&nbsp;<\/p>\n<p><img loading=\"lazy\" decoding=\"async\" class=\"alignnone size-full wp-image-82907\" src=\"https:\/\/vocesparalelas.com.ar\/sitio\/wp-content\/uploads\/2025\/02\/RIVADAVIA-EN-COLORES-02.jpg\" alt=\"\" width=\"800\" height=\"600\" srcset=\"https:\/\/vocesparalelas.com.ar\/sitio\/wp-content\/uploads\/2025\/02\/RIVADAVIA-EN-COLORES-02.jpg 800w, https:\/\/vocesparalelas.com.ar\/sitio\/wp-content\/uploads\/2025\/02\/RIVADAVIA-EN-COLORES-02-300x225.jpg 300w, https:\/\/vocesparalelas.com.ar\/sitio\/wp-content\/uploads\/2025\/02\/RIVADAVIA-EN-COLORES-02-768x576.jpg 768w\" sizes=\"auto, (max-width: 800px) 100vw, 800px\" \/><\/p>\n<p><span style=\"color: #ff6600;\"><strong>Se ofrece <\/strong><\/span><\/p>\n<ul>\n<li>Feria de Emprendedores<\/li>\n<li>Plaza Kids<\/li>\n<li>Gastronom\u00eda<\/li>\n<li>Patio Cervecero<\/li>\n<li>Arte en vivo<\/li>\n<\/ul>\n<p>Adem\u00e1s, se viene el sorteo de una motoneta\u00a0 de los que lleguen a disfrutar \u00abRivadavia en Colores\u00bb<\/p>\n<p><img loading=\"lazy\" decoding=\"async\" class=\"alignnone size-full wp-image-82907\" src=\"https:\/\/vocesparalelas.com.ar\/sitio\/wp-content\/uploads\/2025\/02\/RIVADAVIA-EN-COLORES-02.jpg\" alt=\"\" width=\"800\" height=\"600\" srcset=\"https:\/\/vocesparalelas.com.ar\/sitio\/wp-content\/uploads\/2025\/02\/RIVADAVIA-EN-COLORES-02.jpg 800w, https:\/\/vocesparalelas.com.ar\/sitio\/wp-content\/uploads\/2025\/02\/RIVADAVIA-EN-COLORES-02-300x225.jpg 300w, https:\/\/vocesparalelas.com.ar\/sitio\/wp-content\/uploads\/2025\/02\/RIVADAVIA-EN-COLORES-02-768x576.jpg 768w\" sizes=\"auto, (max-width: 800px) 100vw, 800px\" \/><\/p>\n<p><strong><span style=\"color: #ff6600;\">Evento musical<\/span><\/strong><\/p>\n<ul>\n<li><strong><span style=\"color: #ff6600;\">Los Videla<\/span><\/strong><\/li>\n<\/ul>\n<p><iframe loading=\"lazy\" title=\"SAN JUAN LOS HERMANOS VIDELA\" width=\"800\" height=\"450\" src=\"https:\/\/www.youtube.com\/embed\/8G48HrqBugM?feature=oembed\" frameborder=\"0\" allow=\"accelerometer; autoplay; clipboard-write; encrypted-media; gyroscope; picture-in-picture; web-share\" referrerpolicy=\"strict-origin-when-cross-origin\" allowfullscreen><\/iframe><\/p>\n<p>&nbsp;<\/p>\n<ul>\n<li><span style=\"color: #ff6600;\"><strong>Omega<\/strong><\/span><\/li>\n<\/ul>\n<p><iframe loading=\"lazy\" title=\"OMEGA - Acordarme de mi (Video Oficial)\" width=\"800\" height=\"450\" src=\"https:\/\/www.youtube.com\/embed\/AXqUWC2QrMI?feature=oembed\" frameborder=\"0\" allow=\"accelerometer; autoplay; clipboard-write; encrypted-media; gyroscope; picture-in-picture; web-share\" referrerpolicy=\"strict-origin-when-cross-origin\" allowfullscreen><\/iframe><\/p>\n<p>&nbsp;<\/p>\n<ul>\n<li><strong><span style=\"color: #ff6600;\">Dale q&#8217; va<\/span><\/strong><\/li>\n<\/ul>\n<p><iframe loading=\"lazy\" title=\"Dale Q\u00b4 Va - Y Que Tal Si Funciona (Video Oficial)\" width=\"800\" height=\"450\" src=\"https:\/\/www.youtube.com\/embed\/Oxcnqg9pHP0?feature=oembed\" frameborder=\"0\" allow=\"accelerometer; autoplay; clipboard-write; encrypted-media; gyroscope; picture-in-picture; web-share\" referrerpolicy=\"strict-origin-when-cross-origin\" allowfullscreen><\/iframe><\/p>\n<p>&nbsp;<\/p>\n<ul>\n<li><strong><span style=\"color: #ff6600;\">Campedrinos<\/span><\/strong><\/li>\n<\/ul>\n<p><iframe loading=\"lazy\" title=\"Campedrinos - La Noche Perfecta (Video Oficial)\" width=\"800\" height=\"450\" src=\"https:\/\/www.youtube.com\/embed\/g66GVIk9LX8?feature=oembed\" frameborder=\"0\" allow=\"accelerometer; autoplay; clipboard-write; encrypted-media; gyroscope; picture-in-picture; web-share\" referrerpolicy=\"strict-origin-when-cross-origin\" allowfullscreen><\/iframe><\/p>\n<p>&nbsp;<\/p>\n<p><img loading=\"lazy\" decoding=\"async\" class=\"alignnone size-full wp-image-66896\" src=\"https:\/\/vocesparalelas.com.ar\/sitio\/wp-content\/uploads\/2023\/12\/RIVADAVIA-LOGO-NUEVO.jpg\" alt=\"\" width=\"800\" height=\"533\" srcset=\"https:\/\/vocesparalelas.com.ar\/sitio\/wp-content\/uploads\/2023\/12\/RIVADAVIA-LOGO-NUEVO.jpg 800w, https:\/\/vocesparalelas.com.ar\/sitio\/wp-content\/uploads\/2023\/12\/RIVADAVIA-LOGO-NUEVO-300x200.jpg 300w, https:\/\/vocesparalelas.com.ar\/sitio\/wp-content\/uploads\/2023\/12\/RIVADAVIA-LOGO-NUEVO-768x512.jpg 768w\" sizes=\"auto, (max-width: 800px) 100vw, 800px\" \/><\/p>\n","protected":false},"excerpt":{"rendered":"<p>La Municipalidad de la Ciudad de Rivadavia organiza y pone en valor el Lunes, 3 de Marzo, desde las 19<\/p>\n","protected":false},"author":3,"featured_media":82906,"comment_status":"closed","ping_status":"closed","sticky":false,"template":"","format":"standard","meta":{"_acf_changed":false,"_seopress_robots_primary_cat":"none","_seopress_titles_title":"","_seopress_titles_desc":"","_seopress_robots_index":"","colormag_page_container_layout":"default_layout","colormag_page_sidebar_layout":"default_layout","footnotes":""},"categories":[20,7],"tags":[],"class_list":["post-82903","post","type-post","status-publish","format-standard","has-post-thumbnail","hentry","category-cartelera","category-videos"],"acf":[],"_links":{"self":[{"href":"https:\/\/vocesparalelas.com.ar\/sitio\/wp-json\/wp\/v2\/posts\/82903","targetHints":{"allow":["GET"]}}],"collection":[{"href":"https:\/\/vocesparalelas.com.ar\/sitio\/wp-json\/wp\/v2\/posts"}],"about":[{"href":"https:\/\/vocesparalelas.com.ar\/sitio\/wp-json\/wp\/v2\/types\/post"}],"author":[{"embeddable":true,"href":"https:\/\/vocesparalelas.com.ar\/sitio\/wp-json\/wp\/v2\/users\/3"}],"replies":[{"embeddable":true,"href":"https:\/\/vocesparalelas.com.ar\/sitio\/wp-json\/wp\/v2\/comments?post=82903"}],"version-history":[{"count":4,"href":"https:\/\/vocesparalelas.com.ar\/sitio\/wp-json\/wp\/v2\/posts\/82903\/revisions"}],"predecessor-version":[{"id":83214,"href":"https:\/\/vocesparalelas.com.ar\/sitio\/wp-json\/wp\/v2\/posts\/82903\/revisions\/83214"}],"wp:featuredmedia":[{"embeddable":true,"href":"https:\/\/vocesparalelas.com.ar\/sitio\/wp-json\/wp\/v2\/media\/82906"}],"wp:attachment":[{"href":"https:\/\/vocesparalelas.com.ar\/sitio\/wp-json\/wp\/v2\/media?parent=82903"}],"wp:term":[{"taxonomy":"category","embeddable":true,"href":"https:\/\/vocesparalelas.com.ar\/sitio\/wp-json\/wp\/v2\/categories?post=82903"},{"taxonomy":"post_tag","embeddable":true,"href":"https:\/\/vocesparalelas.com.ar\/sitio\/wp-json\/wp\/v2\/tags?post=82903"}],"curies":[{"name":"wp","href":"https:\/\/api.w.org\/{rel}","templated":true}]}}