{"id":82893,"date":"2025-02-20T20:42:59","date_gmt":"2025-02-20T23:42:59","guid":{"rendered":"https:\/\/vocesparalelas.com.ar\/sitio\/?p=82893"},"modified":"2025-02-21T20:10:03","modified_gmt":"2025-02-21T23:10:03","slug":"los-bomberos-de-la-policia-de-san-juan-regresaron-despues-de-colaborar-en-los-incendios-forestales-el-bolson","status":"publish","type":"post","link":"https:\/\/vocesparalelas.com.ar\/sitio\/los-bomberos-de-la-policia-de-san-juan-regresaron-despues-de-colaborar-en-los-incendios-forestales-el-bolson\/","title":{"rendered":"Los Bomberos de la Polic\u00eda de San Juan regresaron despu\u00e9s de colaborar en los incendios forestales El Bols\u00f3n"},"content":{"rendered":"<p>Tras haber permanecido una semana en la provincia de R\u00edo Negro combatiendo los incendios forestales en El Bols\u00f3n y zonas aleda\u00f1as; los efectivos de Bomberos de la Polic\u00eda de San Juan e integrantes de Protecci\u00f3n Civil regresaron a San Juan.<\/p>\n<p>Cerca del mediod\u00eda del Jueves, 20 de Febrero, llegaron al Cuartel Central donde fueron recibidos por la subsecretaria de Seguridad, Dra. Sandra Chamorro, el jefe de Polic\u00eda, Crio. Gral. N\u00e9stor \u00c1lvarez, el director de Protecci\u00f3n Civil, el jefe de la Direcci\u00f3n Bomberos D-9, Crio. Gral. Dante Alleva y sus familiares.<\/p>\n<p>En una ma\u00f1ana cargada de afectos y emociones, los efectivos sanjuaninos destacaron que, pese a la ardua tarea que realizaron en R\u00edo Negro, estuvieron en l\u00ednea de fuego, junto a otros brigadistas del pa\u00eds, colaborando con el pueblo rionegrino en esos duros momentos.<\/p>\n<p>Por su parte, la subsecretaria de Seguridad, reconoci\u00f3 la tarea realizada \u201cen nombre del Gobierno Provincial y de los sanjuaninos, decirles que estamos orgullosos de la labor que han realizado para poder ayudar a los afectados en El Bols\u00f3n. Sabemos que fueron d\u00edas de intenso trabajo, ahora les toca descansar y disfrutar de sus seres queridos\u201d.<\/p>\n<p>&nbsp;<\/p>\n<p><img loading=\"lazy\" decoding=\"async\" class=\"alignnone size-full wp-image-82487\" src=\"https:\/\/vocesparalelas.com.ar\/sitio\/wp-content\/uploads\/2025\/02\/SAN-JUAN-BOMBEROS-03.jpg\" alt=\"\" width=\"800\" height=\"574\" srcset=\"https:\/\/vocesparalelas.com.ar\/sitio\/wp-content\/uploads\/2025\/02\/SAN-JUAN-BOMBEROS-03.jpg 800w, https:\/\/vocesparalelas.com.ar\/sitio\/wp-content\/uploads\/2025\/02\/SAN-JUAN-BOMBEROS-03-300x215.jpg 300w, https:\/\/vocesparalelas.com.ar\/sitio\/wp-content\/uploads\/2025\/02\/SAN-JUAN-BOMBEROS-03-768x551.jpg 768w\" sizes=\"auto, (max-width: 800px) 100vw, 800px\" \/><\/p>\n","protected":false},"excerpt":{"rendered":"<p>Tras haber permanecido una semana en la provincia de R\u00edo Negro combatiendo los incendios forestales en El Bols\u00f3n y zonas<\/p>\n","protected":false},"author":3,"featured_media":82896,"comment_status":"closed","ping_status":"closed","sticky":false,"template":"","format":"standard","meta":{"_acf_changed":false,"_seopress_robots_primary_cat":"none","_seopress_titles_title":"","_seopress_titles_desc":"","_seopress_robots_index":"","colormag_page_container_layout":"default_layout","colormag_page_sidebar_layout":"default_layout","footnotes":""},"categories":[6],"tags":[],"class_list":["post-82893","post","type-post","status-publish","format-standard","has-post-thumbnail","hentry","category-eventos"],"acf":[],"_links":{"self":[{"href":"https:\/\/vocesparalelas.com.ar\/sitio\/wp-json\/wp\/v2\/posts\/82893","targetHints":{"allow":["GET"]}}],"collection":[{"href":"https:\/\/vocesparalelas.com.ar\/sitio\/wp-json\/wp\/v2\/posts"}],"about":[{"href":"https:\/\/vocesparalelas.com.ar\/sitio\/wp-json\/wp\/v2\/types\/post"}],"author":[{"embeddable":true,"href":"https:\/\/vocesparalelas.com.ar\/sitio\/wp-json\/wp\/v2\/users\/3"}],"replies":[{"embeddable":true,"href":"https:\/\/vocesparalelas.com.ar\/sitio\/wp-json\/wp\/v2\/comments?post=82893"}],"version-history":[{"count":1,"href":"https:\/\/vocesparalelas.com.ar\/sitio\/wp-json\/wp\/v2\/posts\/82893\/revisions"}],"predecessor-version":[{"id":82897,"href":"https:\/\/vocesparalelas.com.ar\/sitio\/wp-json\/wp\/v2\/posts\/82893\/revisions\/82897"}],"wp:featuredmedia":[{"embeddable":true,"href":"https:\/\/vocesparalelas.com.ar\/sitio\/wp-json\/wp\/v2\/media\/82896"}],"wp:attachment":[{"href":"https:\/\/vocesparalelas.com.ar\/sitio\/wp-json\/wp\/v2\/media?parent=82893"}],"wp:term":[{"taxonomy":"category","embeddable":true,"href":"https:\/\/vocesparalelas.com.ar\/sitio\/wp-json\/wp\/v2\/categories?post=82893"},{"taxonomy":"post_tag","embeddable":true,"href":"https:\/\/vocesparalelas.com.ar\/sitio\/wp-json\/wp\/v2\/tags?post=82893"}],"curies":[{"name":"wp","href":"https:\/\/api.w.org\/{rel}","templated":true}]}}