{"id":82888,"date":"2025-02-20T20:08:29","date_gmt":"2025-02-20T23:08:29","guid":{"rendered":"https:\/\/vocesparalelas.com.ar\/sitio\/?p=82888"},"modified":"2025-02-20T20:08:29","modified_gmt":"2025-02-20T23:08:29","slug":"el-embajador-de-irlanda-en-argentina-john-gerard-mccoy-en-san-juan","status":"publish","type":"post","link":"https:\/\/vocesparalelas.com.ar\/sitio\/el-embajador-de-irlanda-en-argentina-john-gerard-mccoy-en-san-juan\/","title":{"rendered":"El Embajador de Irlanda en Argentina, John Gerard McCoy en San Juan"},"content":{"rendered":"<p>El vicegobernador a cargo del Poder Ejecutivo, Dr. Fabi\u00e1n Mart\u00edn, se reuni\u00f3 el Jueves, 20 de Febrero de 2025 con el embajador de Irlanda en Argentina, John Gerard McCoy, que lleg\u00f3 a San Juan para participar del Creative Brain Week &#8211; CBW.<\/p>\n<p>Estuvieron presentes el ministro de Salud, Dr. Am\u00edlcar Dobladez; la ministra de Gobierno, Dra. Laura Palma; el secretario de Estado de Ambiente y Desarrollo Sustentable, Dr. Federico R\u00edos; la Secretaria de Relaciones Institucionales, Dra. Claudia Sarmiento.<\/p>\n<p>El diplom\u00e1tico recibi\u00f3 de manos del vicegobernador la declaraci\u00f3n de Hu\u00e9sped de Honor y el Escudo de la Provincia. A su vez, durante el encuentro se dialog\u00f3 sobre el trabajo articulado entre Argentina e Irlanda, y las actividades y agendas comunes.<\/p>\n<p>Las autoridades conversaron acerca de fortalecer los v\u00ednculos y estrategias con la Argentina, y en particular con las provincias.<\/p>\n<p>John Gerard McCoy es embajador de Irlanda en Argentina, Bolivia, Paraguay y Uruguay. El diplom\u00e1tico se desempe\u00f1a en su cargo en el pa\u00eds desde agosto de 2022.<\/p>\n<p>&nbsp;<\/p>\n<p><img loading=\"lazy\" decoding=\"async\" class=\"alignnone size-full wp-image-65642\" src=\"https:\/\/vocesparalelas.com.ar\/sitio\/wp-content\/uploads\/2023\/11\/GOBIERNO-SAN-JUAN.jpg\" alt=\"\" width=\"800\" height=\"600\" srcset=\"https:\/\/vocesparalelas.com.ar\/sitio\/wp-content\/uploads\/2023\/11\/GOBIERNO-SAN-JUAN.jpg 800w, https:\/\/vocesparalelas.com.ar\/sitio\/wp-content\/uploads\/2023\/11\/GOBIERNO-SAN-JUAN-300x225.jpg 300w, https:\/\/vocesparalelas.com.ar\/sitio\/wp-content\/uploads\/2023\/11\/GOBIERNO-SAN-JUAN-768x576.jpg 768w\" sizes=\"auto, (max-width: 800px) 100vw, 800px\" \/><\/p>\n","protected":false},"excerpt":{"rendered":"<p>El vicegobernador a cargo del Poder Ejecutivo, Dr. Fabi\u00e1n Mart\u00edn, se reuni\u00f3 el Jueves, 20 de Febrero de 2025 con<\/p>\n","protected":false},"author":3,"featured_media":82891,"comment_status":"closed","ping_status":"closed","sticky":false,"template":"","format":"standard","meta":{"_acf_changed":false,"_seopress_robots_primary_cat":"none","_seopress_titles_title":"","_seopress_titles_desc":"","_seopress_robots_index":"","colormag_page_container_layout":"default_layout","colormag_page_sidebar_layout":"default_layout","footnotes":""},"categories":[1],"tags":[],"class_list":["post-82888","post","type-post","status-publish","format-standard","has-post-thumbnail","hentry","category-destacadas"],"acf":[],"_links":{"self":[{"href":"https:\/\/vocesparalelas.com.ar\/sitio\/wp-json\/wp\/v2\/posts\/82888","targetHints":{"allow":["GET"]}}],"collection":[{"href":"https:\/\/vocesparalelas.com.ar\/sitio\/wp-json\/wp\/v2\/posts"}],"about":[{"href":"https:\/\/vocesparalelas.com.ar\/sitio\/wp-json\/wp\/v2\/types\/post"}],"author":[{"embeddable":true,"href":"https:\/\/vocesparalelas.com.ar\/sitio\/wp-json\/wp\/v2\/users\/3"}],"replies":[{"embeddable":true,"href":"https:\/\/vocesparalelas.com.ar\/sitio\/wp-json\/wp\/v2\/comments?post=82888"}],"version-history":[{"count":1,"href":"https:\/\/vocesparalelas.com.ar\/sitio\/wp-json\/wp\/v2\/posts\/82888\/revisions"}],"predecessor-version":[{"id":82892,"href":"https:\/\/vocesparalelas.com.ar\/sitio\/wp-json\/wp\/v2\/posts\/82888\/revisions\/82892"}],"wp:featuredmedia":[{"embeddable":true,"href":"https:\/\/vocesparalelas.com.ar\/sitio\/wp-json\/wp\/v2\/media\/82891"}],"wp:attachment":[{"href":"https:\/\/vocesparalelas.com.ar\/sitio\/wp-json\/wp\/v2\/media?parent=82888"}],"wp:term":[{"taxonomy":"category","embeddable":true,"href":"https:\/\/vocesparalelas.com.ar\/sitio\/wp-json\/wp\/v2\/categories?post=82888"},{"taxonomy":"post_tag","embeddable":true,"href":"https:\/\/vocesparalelas.com.ar\/sitio\/wp-json\/wp\/v2\/tags?post=82888"}],"curies":[{"name":"wp","href":"https:\/\/api.w.org\/{rel}","templated":true}]}}