{"id":82839,"date":"2025-02-19T19:28:38","date_gmt":"2025-02-19T22:28:38","guid":{"rendered":"https:\/\/vocesparalelas.com.ar\/sitio\/?p=82839"},"modified":"2025-02-20T20:51:52","modified_gmt":"2025-02-20T23:51:52","slug":"se-busca-fortalecer-lazos-comerciales-entre-san-juan-republica-argentina-y-canada","status":"publish","type":"post","link":"https:\/\/vocesparalelas.com.ar\/sitio\/se-busca-fortalecer-lazos-comerciales-entre-san-juan-republica-argentina-y-canada\/","title":{"rendered":"Se busca fortalecer lazos comerciales entre San Juan, Rep\u00fablica Argentina y Canad\u00e1"},"content":{"rendered":"<p>El Mi\u00e9rcoles, 19 de Febrero, el gobernador de San Juan, Rep\u00fablica Argentina, Dr. Marcelo Orrego se reuni\u00f3 en Buenos Aires con el embajador de Canad\u00e1 en Argentina, Diplom\u00e1tico Stewart Wheeler.<\/p>\n<p>El encuentro tuvo como objetivo afianzar los v\u00ednculos comerciales entre San Juan y Canad\u00e1 con el compromiso que una comitiva de empresarios canadienses visite la provincia de San Juan.<\/p>\n<p>Durante la reuni\u00f3n, el gobernador y el diplom\u00e1tico coincidieron en el inter\u00e9s sobre San Juan para que pueda aumentar los niveles de exportaci\u00f3n de sus productos hacia Canad\u00e1. Al mismo tiempo el Diplom\u00e1tico Stewart Wheeler afirm\u00f3 que hay corporaciones canadienses interesadas en invertir en la provincia, por lo que se comprometi\u00f3 a visitar San Juan junto a empresarios de su pa\u00eds.<\/p>\n<p>Asimismo, conversaron sobre las actividades y agendas comunes en la Feria Minera Prospectors and Developers Association of Canada &#8211; PDAC\u00a0 &#8211; que se realiza en Toronto, Canad\u00e1 y es considerado uno de los eventos del sector m\u00e1s importantes del mundo.<\/p>\n<p>Otros de los ejes del encuentro fue la cooperaci\u00f3n con Canad\u00e1 en materia de desarrollo de capacidades en proveedores locales, as\u00ed como tambi\u00e9n en programas de educaci\u00f3n para formar profesionales competentes para la actividad minera.<\/p>\n<p>Vale destacar que este es uno de los primeros encuentros oficiales que mantuvo el embajador en Argentina, dado que el diplom\u00e1tico fue designado en su cargo hace poco m\u00e1s de dos meses. Wheeler tiene una extensa carrera en el Ministerio de Asuntos Exteriores de Canad\u00e1, donde fue Embajador en Islandia, y jefe de Protocolo y Alto Comisionado Adjunto en la India, entre otras funciones.<\/p>\n<p>&nbsp;<\/p>\n<p>&nbsp;<\/p>\n","protected":false},"excerpt":{"rendered":"<p>El Mi\u00e9rcoles, 19 de Febrero, el gobernador de San Juan, Rep\u00fablica Argentina, Dr. Marcelo Orrego se reuni\u00f3 en Buenos Aires<\/p>\n","protected":false},"author":3,"featured_media":82842,"comment_status":"closed","ping_status":"closed","sticky":false,"template":"","format":"standard","meta":{"_acf_changed":false,"_seopress_robots_primary_cat":"none","_seopress_titles_title":"","_seopress_titles_desc":"","_seopress_robots_index":"","colormag_page_container_layout":"default_layout","colormag_page_sidebar_layout":"default_layout","footnotes":""},"categories":[2],"tags":[],"class_list":["post-82839","post","type-post","status-publish","format-standard","has-post-thumbnail","hentry","category-convocatorias"],"acf":[],"_links":{"self":[{"href":"https:\/\/vocesparalelas.com.ar\/sitio\/wp-json\/wp\/v2\/posts\/82839","targetHints":{"allow":["GET"]}}],"collection":[{"href":"https:\/\/vocesparalelas.com.ar\/sitio\/wp-json\/wp\/v2\/posts"}],"about":[{"href":"https:\/\/vocesparalelas.com.ar\/sitio\/wp-json\/wp\/v2\/types\/post"}],"author":[{"embeddable":true,"href":"https:\/\/vocesparalelas.com.ar\/sitio\/wp-json\/wp\/v2\/users\/3"}],"replies":[{"embeddable":true,"href":"https:\/\/vocesparalelas.com.ar\/sitio\/wp-json\/wp\/v2\/comments?post=82839"}],"version-history":[{"count":1,"href":"https:\/\/vocesparalelas.com.ar\/sitio\/wp-json\/wp\/v2\/posts\/82839\/revisions"}],"predecessor-version":[{"id":82843,"href":"https:\/\/vocesparalelas.com.ar\/sitio\/wp-json\/wp\/v2\/posts\/82839\/revisions\/82843"}],"wp:featuredmedia":[{"embeddable":true,"href":"https:\/\/vocesparalelas.com.ar\/sitio\/wp-json\/wp\/v2\/media\/82842"}],"wp:attachment":[{"href":"https:\/\/vocesparalelas.com.ar\/sitio\/wp-json\/wp\/v2\/media?parent=82839"}],"wp:term":[{"taxonomy":"category","embeddable":true,"href":"https:\/\/vocesparalelas.com.ar\/sitio\/wp-json\/wp\/v2\/categories?post=82839"},{"taxonomy":"post_tag","embeddable":true,"href":"https:\/\/vocesparalelas.com.ar\/sitio\/wp-json\/wp\/v2\/tags?post=82839"}],"curies":[{"name":"wp","href":"https:\/\/api.w.org\/{rel}","templated":true}]}}