{"id":82818,"date":"2025-02-19T14:20:26","date_gmt":"2025-02-19T17:20:26","guid":{"rendered":"https:\/\/vocesparalelas.com.ar\/sitio\/?p=82818"},"modified":"2025-02-20T00:04:25","modified_gmt":"2025-02-20T03:04:25","slug":"reunion-de-directores-de-las-escuela-de-san-juan-hacia-el-trabajo-del-ciclo-lectivo-2025","status":"publish","type":"post","link":"https:\/\/vocesparalelas.com.ar\/sitio\/reunion-de-directores-de-las-escuela-de-san-juan-hacia-el-trabajo-del-ciclo-lectivo-2025\/","title":{"rendered":"Reuni\u00f3n de Directores de las Escuela de San Juan  hacia el trabajo del Ciclo Lectivo 2025"},"content":{"rendered":"<p>El Ministerio de Educaci\u00f3n del Gobierno de San Juan desarrolla sin pausa el cronograma 2025 con las reuniones entre directores de \u00e1reas y supervisores con los equipos directivos de cada escuela, en los diferentes niveles y modalidades. El objetivo es organizativo, con los aspectos finales hacia el Ciclo Lectivo 2025.<\/p>\n<p>En estos encuentros se revisan y delinean proyectos institucionales, se repasan gu\u00edas de procedimiento y protocolos, o se trazan l\u00edneas de acci\u00f3n para fortalecer la trayectoria de los estudiantes o la articulaci\u00f3n entre niveles, entre otras acciones.<\/p>\n<p>Luego. de la reuni\u00f3n la ministra de Educaci\u00f3n, Lic. Silvia Fuentes, mantuvo con los directores de \u00e1reas y supervisores la semana pasada, la estructura organizativa establece que luego se bajan esos lineamientos a los equipos directivos de las diferentes escuelas, en los niveles Inicial, Primario, Secundario y Superior de las modalidades T\u00e9cnico Profesional, Art\u00edstica, Especial, de J\u00f3venes y Adultos, Rural y en \u00c1reas de Frontera, en Contexto de Encierro, Domiciliaria y Hospitalaria y en escuelas albergue y albergues.<\/p>\n<p>Esta es una acci\u00f3n fundamental porque se terminan de organizar los aspectos y estrategias vinculados al ciclo lectivo que luego son transmitidas a los docentes.<\/p>\n<p>Aspectos fundamentales para el Ciclo Lectivo 2025, tales como la ampliaci\u00f3n del Plan de Alfabetizaci\u00f3n Jurisdiccional \u201cComprendo y aprendo\u201d, la entrega de computadoras para alumnos y docentes y la continuidad del Plan de Contingencia.<\/p>\n<p>Adem\u00e1s de las mejoras que se proyectan para nivel superior, los cambios en el tratamiento de los \u00e1mbitos rurales y el fortalecimiento en la prevenci\u00f3n a trav\u00e9s de Gabinetes Interdisciplinarios, a la vez que adelant\u00f3 que se trabajar\u00e1 en educaci\u00f3n financiera y emocional, entre otros.<\/p>\n<p><img loading=\"lazy\" decoding=\"async\" class=\"alignnone size-full wp-image-28629\" src=\"https:\/\/vocesparalelas.com.ar\/sitio\/wp-content\/uploads\/2020\/05\/MINISTERIO-EDUCACION-SJ.jpg\" alt=\"\" width=\"800\" height=\"533\" srcset=\"https:\/\/vocesparalelas.com.ar\/sitio\/wp-content\/uploads\/2020\/05\/MINISTERIO-EDUCACION-SJ.jpg 800w, https:\/\/vocesparalelas.com.ar\/sitio\/wp-content\/uploads\/2020\/05\/MINISTERIO-EDUCACION-SJ-300x200.jpg 300w, https:\/\/vocesparalelas.com.ar\/sitio\/wp-content\/uploads\/2020\/05\/MINISTERIO-EDUCACION-SJ-768x512.jpg 768w\" sizes=\"auto, (max-width: 800px) 100vw, 800px\" \/><\/p>\n","protected":false},"excerpt":{"rendered":"<p>El Ministerio de Educaci\u00f3n del Gobierno de San Juan desarrolla sin pausa el cronograma 2025 con las reuniones entre directores<\/p>\n","protected":false},"author":3,"featured_media":82821,"comment_status":"closed","ping_status":"closed","sticky":false,"template":"","format":"standard","meta":{"_acf_changed":false,"_seopress_robots_primary_cat":"none","_seopress_titles_title":"","_seopress_titles_desc":"","_seopress_robots_index":"","colormag_page_container_layout":"default_layout","colormag_page_sidebar_layout":"default_layout","footnotes":""},"categories":[5],"tags":[],"class_list":["post-82818","post","type-post","status-publish","format-standard","has-post-thumbnail","hentry","category-ofrecimientos"],"acf":[],"_links":{"self":[{"href":"https:\/\/vocesparalelas.com.ar\/sitio\/wp-json\/wp\/v2\/posts\/82818","targetHints":{"allow":["GET"]}}],"collection":[{"href":"https:\/\/vocesparalelas.com.ar\/sitio\/wp-json\/wp\/v2\/posts"}],"about":[{"href":"https:\/\/vocesparalelas.com.ar\/sitio\/wp-json\/wp\/v2\/types\/post"}],"author":[{"embeddable":true,"href":"https:\/\/vocesparalelas.com.ar\/sitio\/wp-json\/wp\/v2\/users\/3"}],"replies":[{"embeddable":true,"href":"https:\/\/vocesparalelas.com.ar\/sitio\/wp-json\/wp\/v2\/comments?post=82818"}],"version-history":[{"count":1,"href":"https:\/\/vocesparalelas.com.ar\/sitio\/wp-json\/wp\/v2\/posts\/82818\/revisions"}],"predecessor-version":[{"id":82822,"href":"https:\/\/vocesparalelas.com.ar\/sitio\/wp-json\/wp\/v2\/posts\/82818\/revisions\/82822"}],"wp:featuredmedia":[{"embeddable":true,"href":"https:\/\/vocesparalelas.com.ar\/sitio\/wp-json\/wp\/v2\/media\/82821"}],"wp:attachment":[{"href":"https:\/\/vocesparalelas.com.ar\/sitio\/wp-json\/wp\/v2\/media?parent=82818"}],"wp:term":[{"taxonomy":"category","embeddable":true,"href":"https:\/\/vocesparalelas.com.ar\/sitio\/wp-json\/wp\/v2\/categories?post=82818"},{"taxonomy":"post_tag","embeddable":true,"href":"https:\/\/vocesparalelas.com.ar\/sitio\/wp-json\/wp\/v2\/tags?post=82818"}],"curies":[{"name":"wp","href":"https:\/\/api.w.org\/{rel}","templated":true}]}}