{"id":82807,"date":"2025-02-19T23:37:50","date_gmt":"2025-02-20T02:37:50","guid":{"rendered":"https:\/\/vocesparalelas.com.ar\/sitio\/?p=82807"},"modified":"2025-02-20T00:03:23","modified_gmt":"2025-02-20T03:03:23","slug":"el-gobierno-de-san-juan-entrego-insumos-necesarios-para-la-gente","status":"publish","type":"post","link":"https:\/\/vocesparalelas.com.ar\/sitio\/el-gobierno-de-san-juan-entrego-insumos-necesarios-para-la-gente\/","title":{"rendered":"El Gobierno de San Juan entreg\u00f3 insumos necesarios para la gente"},"content":{"rendered":"<p>El Ministerio de Familia y Desarrollo Humano del Gobierno de San Juan entreg\u00f3 Aud\u00edfonos, Lentes entre otros insumos en Casa de Gobierno con la asistencia beneficiarios.<\/p>\n<p>Nuevamente, el Estado de San Juan se hace presente para ayudar a la gente que as\u00ed lo necesita por razones econ\u00f3micas, siendo una ayuda importante y significativa.<\/p>\n<p>Por ello, el Ministro de Familia y Desarrollo Humano, Prof. Carlos Platero destac\u00f3 la importancia de la ayuda con los insumos que necesitan los beneficiarios.<\/p>\n<p><iframe loading=\"lazy\" title=\"SAN JUAN MINISTRO PROF CARLOS PLATERO\" width=\"800\" height=\"450\" src=\"https:\/\/www.youtube.com\/embed\/qWCqcfSvlPo?feature=oembed\" frameborder=\"0\" allow=\"accelerometer; autoplay; clipboard-write; encrypted-media; gyroscope; picture-in-picture; web-share\" referrerpolicy=\"strict-origin-when-cross-origin\" allowfullscreen><\/iframe><\/p>\n<p>&nbsp;<\/p>\n<p>Posteriormente, el Gobernador de San Juan, Dr. Marcelo Orrego puntualiz\u00f3 el trabajo realizado y puntualiz\u00f3 el esfuerzo del Gobierno de San Juan para ayudar a los que mas necesitan.<\/p>\n<p><iframe loading=\"lazy\" title=\"SAN JUAN GOBERNADOR DR MARCELO ORREGO\" width=\"800\" height=\"450\" src=\"https:\/\/www.youtube.com\/embed\/Tmai3PcjOQA?feature=oembed\" frameborder=\"0\" allow=\"accelerometer; autoplay; clipboard-write; encrypted-media; gyroscope; picture-in-picture; web-share\" referrerpolicy=\"strict-origin-when-cross-origin\" allowfullscreen><\/iframe><\/p>\n<p>Finalmente se entreg\u00f3 los insumos como sillas especiales,\u00a0 aud\u00edfonos, equipamiento para un by pass g\u00e1strico entre otros. La gente estuvo muy agradecida porque se transforma en una ayuda econ\u00f3mica importante. El acto fue muy emotivo para ambas partes ya que el Estado est\u00e1 presente como lo requiere la gesti\u00f3n del Gobernador de San Juan, Dr. Marcelo Orrego.<\/p>\n<p><img loading=\"lazy\" decoding=\"async\" class=\"alignnone size-full wp-image-82873\" src=\"https:\/\/vocesparalelas.com.ar\/sitio\/wp-content\/uploads\/2025\/02\/SAN-JUAN-INSUMOS-04.jpg\" alt=\"\" width=\"800\" height=\"533\" srcset=\"https:\/\/vocesparalelas.com.ar\/sitio\/wp-content\/uploads\/2025\/02\/SAN-JUAN-INSUMOS-04.jpg 800w, https:\/\/vocesparalelas.com.ar\/sitio\/wp-content\/uploads\/2025\/02\/SAN-JUAN-INSUMOS-04-300x200.jpg 300w, https:\/\/vocesparalelas.com.ar\/sitio\/wp-content\/uploads\/2025\/02\/SAN-JUAN-INSUMOS-04-768x512.jpg 768w\" sizes=\"auto, (max-width: 800px) 100vw, 800px\" \/><\/p>\n<p><img loading=\"lazy\" decoding=\"async\" class=\"alignnone size-full wp-image-82871\" src=\"https:\/\/vocesparalelas.com.ar\/sitio\/wp-content\/uploads\/2025\/02\/SAN-JUAN-INSUMOS-02.jpg\" alt=\"\" width=\"800\" height=\"504\" srcset=\"https:\/\/vocesparalelas.com.ar\/sitio\/wp-content\/uploads\/2025\/02\/SAN-JUAN-INSUMOS-02.jpg 800w, https:\/\/vocesparalelas.com.ar\/sitio\/wp-content\/uploads\/2025\/02\/SAN-JUAN-INSUMOS-02-300x189.jpg 300w, https:\/\/vocesparalelas.com.ar\/sitio\/wp-content\/uploads\/2025\/02\/SAN-JUAN-INSUMOS-02-768x484.jpg 768w\" sizes=\"auto, (max-width: 800px) 100vw, 800px\" \/><\/p>\n<p>&nbsp;<\/p>\n<p><img loading=\"lazy\" decoding=\"async\" class=\"alignnone size-large wp-image-82872\" src=\"https:\/\/vocesparalelas.com.ar\/sitio\/wp-content\/uploads\/2025\/02\/SAN-JUAN-INSUMOS-03-800x473.jpg\" alt=\"\" width=\"800\" height=\"473\" srcset=\"https:\/\/vocesparalelas.com.ar\/sitio\/wp-content\/uploads\/2025\/02\/SAN-JUAN-INSUMOS-03-800x473.jpg 800w, https:\/\/vocesparalelas.com.ar\/sitio\/wp-content\/uploads\/2025\/02\/SAN-JUAN-INSUMOS-03-300x177.jpg 300w, https:\/\/vocesparalelas.com.ar\/sitio\/wp-content\/uploads\/2025\/02\/SAN-JUAN-INSUMOS-03-768x454.jpg 768w, https:\/\/vocesparalelas.com.ar\/sitio\/wp-content\/uploads\/2025\/02\/SAN-JUAN-INSUMOS-03.jpg 1024w\" sizes=\"auto, (max-width: 800px) 100vw, 800px\" \/><\/p>\n<p>&nbsp;<\/p>\n<p><img loading=\"lazy\" decoding=\"async\" class=\"alignnone size-full wp-image-65642\" src=\"https:\/\/vocesparalelas.com.ar\/sitio\/wp-content\/uploads\/2023\/11\/GOBIERNO-SAN-JUAN.jpg\" alt=\"\" width=\"800\" height=\"600\" srcset=\"https:\/\/vocesparalelas.com.ar\/sitio\/wp-content\/uploads\/2023\/11\/GOBIERNO-SAN-JUAN.jpg 800w, https:\/\/vocesparalelas.com.ar\/sitio\/wp-content\/uploads\/2023\/11\/GOBIERNO-SAN-JUAN-300x225.jpg 300w, https:\/\/vocesparalelas.com.ar\/sitio\/wp-content\/uploads\/2023\/11\/GOBIERNO-SAN-JUAN-768x576.jpg 768w\" sizes=\"auto, (max-width: 800px) 100vw, 800px\" \/><\/p>\n<p>&nbsp;<\/p>\n","protected":false},"excerpt":{"rendered":"<p>El Ministerio de Familia y Desarrollo Humano del Gobierno de San Juan entreg\u00f3 Aud\u00edfonos, Lentes entre otros insumos en Casa<\/p>\n","protected":false},"author":3,"featured_media":82870,"comment_status":"closed","ping_status":"closed","sticky":false,"template":"","format":"standard","meta":{"_acf_changed":false,"_seopress_robots_primary_cat":"none","_seopress_titles_title":"","_seopress_titles_desc":"","_seopress_robots_index":"","colormag_page_container_layout":"default_layout","colormag_page_sidebar_layout":"default_layout","footnotes":""},"categories":[1,7],"tags":[],"class_list":["post-82807","post","type-post","status-publish","format-standard","has-post-thumbnail","hentry","category-destacadas","category-videos"],"acf":[],"_links":{"self":[{"href":"https:\/\/vocesparalelas.com.ar\/sitio\/wp-json\/wp\/v2\/posts\/82807","targetHints":{"allow":["GET"]}}],"collection":[{"href":"https:\/\/vocesparalelas.com.ar\/sitio\/wp-json\/wp\/v2\/posts"}],"about":[{"href":"https:\/\/vocesparalelas.com.ar\/sitio\/wp-json\/wp\/v2\/types\/post"}],"author":[{"embeddable":true,"href":"https:\/\/vocesparalelas.com.ar\/sitio\/wp-json\/wp\/v2\/users\/3"}],"replies":[{"embeddable":true,"href":"https:\/\/vocesparalelas.com.ar\/sitio\/wp-json\/wp\/v2\/comments?post=82807"}],"version-history":[{"count":2,"href":"https:\/\/vocesparalelas.com.ar\/sitio\/wp-json\/wp\/v2\/posts\/82807\/revisions"}],"predecessor-version":[{"id":82877,"href":"https:\/\/vocesparalelas.com.ar\/sitio\/wp-json\/wp\/v2\/posts\/82807\/revisions\/82877"}],"wp:featuredmedia":[{"embeddable":true,"href":"https:\/\/vocesparalelas.com.ar\/sitio\/wp-json\/wp\/v2\/media\/82870"}],"wp:attachment":[{"href":"https:\/\/vocesparalelas.com.ar\/sitio\/wp-json\/wp\/v2\/media?parent=82807"}],"wp:term":[{"taxonomy":"category","embeddable":true,"href":"https:\/\/vocesparalelas.com.ar\/sitio\/wp-json\/wp\/v2\/categories?post=82807"},{"taxonomy":"post_tag","embeddable":true,"href":"https:\/\/vocesparalelas.com.ar\/sitio\/wp-json\/wp\/v2\/tags?post=82807"}],"curies":[{"name":"wp","href":"https:\/\/api.w.org\/{rel}","templated":true}]}}