{"id":82802,"date":"2025-02-18T19:56:10","date_gmt":"2025-02-18T22:56:10","guid":{"rendered":"https:\/\/vocesparalelas.com.ar\/sitio\/?p=82802"},"modified":"2025-02-20T13:56:21","modified_gmt":"2025-02-20T16:56:21","slug":"comenzaron-las-entrevistas-a-los-9-candidatos-a-ocupar-cargos-a-la-corte-de-justicia-de-san-juan","status":"publish","type":"post","link":"https:\/\/vocesparalelas.com.ar\/sitio\/comenzaron-las-entrevistas-a-los-9-candidatos-a-ocupar-cargos-a-la-corte-de-justicia-de-san-juan\/","title":{"rendered":"Comenzaron las entrevistas a los 9 candidatos a ocupar cargos a la Corte de Justicia de San Juan"},"content":{"rendered":"<p>En el Edificio Anexo de la C\u00e1mara de Diputados de San Juan, comenzaron las entrevistas a los 9 candidatos a ocupar cargos a la Corte de Justicia de San Juan.<\/p>\n<p>Los responsables fueron los diputados integrantes de la Comisi\u00f3n de Justicia y Seguridad integrados por Marcela Quiroga, Juan de la Cruz C\u00f3rdoba, Enzo Cornejo, Mario Herrero, Stella Caparr\u00f3s, Federico Rizo, Gabriel S\u00e1nchez, Sonia Ferreyra y Luis Rueda.<\/p>\n<p><span style=\"color: #666699;\"><strong>Entrevistas\u00a0<\/strong><\/span><\/p>\n<p><span style=\"color: #666699;\"><strong>Primera Terna: Juez de Primera Instancia (Fuero Penal)<\/strong><\/span><\/p>\n<ul>\n<li>Dra. Mar\u00eda del Valle Farr\u00e1n<\/li>\n<li>Dr. Mariano Daniel Carrera Pedrotti<\/li>\n<li>Dr. Jorge Antonio Olivera Legleu<\/li>\n<\/ul>\n<p><span style=\"color: #666699;\"><strong>Segunda Terna: Juez de Primera Instancia (Fuero Penal)<\/strong><\/span><\/p>\n<ul>\n<li>Dr. Roberto Jorge Montilla<\/li>\n<li>Dr. Juan Manuel Garc\u00eda Castrill\u00f3n<\/li>\n<li>Dra. Mar\u00eda Natali Lima<\/li>\n<\/ul>\n<p><span style=\"color: #666699;\"><strong>Tercera Terna: Fiscal de Primera Instancia<\/strong><\/span><\/p>\n<ul>\n<li>Dra. Sheila Emilse Castro Calivar<\/li>\n<li>Dra. Andrea Viviana Insegna<\/li>\n<li>Dr. Pablo Alfredo Ferrer<\/li>\n<\/ul>\n<p>&nbsp;<\/p>\n<figure id=\"attachment_37951\" aria-describedby=\"caption-attachment-37951\" style=\"width: 800px\" class=\"wp-caption alignnone\"><img loading=\"lazy\" decoding=\"async\" class=\"size-full wp-image-37951\" src=\"https:\/\/vocesparalelas.com.ar\/sitio\/wp-content\/uploads\/2021\/05\/CAMARA-EDIFICIO.jpg\" alt=\"\" width=\"800\" height=\"515\" srcset=\"https:\/\/vocesparalelas.com.ar\/sitio\/wp-content\/uploads\/2021\/05\/CAMARA-EDIFICIO.jpg 800w, https:\/\/vocesparalelas.com.ar\/sitio\/wp-content\/uploads\/2021\/05\/CAMARA-EDIFICIO-300x193.jpg 300w, https:\/\/vocesparalelas.com.ar\/sitio\/wp-content\/uploads\/2021\/05\/CAMARA-EDIFICIO-768x494.jpg 768w\" sizes=\"auto, (max-width: 800px) 100vw, 800px\" \/><figcaption id=\"caption-attachment-37951\" class=\"wp-caption-text\">Legislatura Provincial de San Juan, Rep\u00fablica Argentina<\/figcaption><\/figure>\n","protected":false},"excerpt":{"rendered":"<p>En el Edificio Anexo de la C\u00e1mara de Diputados de San Juan, comenzaron las entrevistas a los 9 candidatos a<\/p>\n","protected":false},"author":3,"featured_media":82805,"comment_status":"closed","ping_status":"closed","sticky":false,"template":"","format":"standard","meta":{"_acf_changed":false,"_seopress_robots_primary_cat":"none","_seopress_titles_title":"","_seopress_titles_desc":"","_seopress_robots_index":"","colormag_page_container_layout":"default_layout","colormag_page_sidebar_layout":"default_layout","footnotes":""},"categories":[2],"tags":[],"class_list":["post-82802","post","type-post","status-publish","format-standard","has-post-thumbnail","hentry","category-convocatorias"],"acf":[],"_links":{"self":[{"href":"https:\/\/vocesparalelas.com.ar\/sitio\/wp-json\/wp\/v2\/posts\/82802","targetHints":{"allow":["GET"]}}],"collection":[{"href":"https:\/\/vocesparalelas.com.ar\/sitio\/wp-json\/wp\/v2\/posts"}],"about":[{"href":"https:\/\/vocesparalelas.com.ar\/sitio\/wp-json\/wp\/v2\/types\/post"}],"author":[{"embeddable":true,"href":"https:\/\/vocesparalelas.com.ar\/sitio\/wp-json\/wp\/v2\/users\/3"}],"replies":[{"embeddable":true,"href":"https:\/\/vocesparalelas.com.ar\/sitio\/wp-json\/wp\/v2\/comments?post=82802"}],"version-history":[{"count":1,"href":"https:\/\/vocesparalelas.com.ar\/sitio\/wp-json\/wp\/v2\/posts\/82802\/revisions"}],"predecessor-version":[{"id":82806,"href":"https:\/\/vocesparalelas.com.ar\/sitio\/wp-json\/wp\/v2\/posts\/82802\/revisions\/82806"}],"wp:featuredmedia":[{"embeddable":true,"href":"https:\/\/vocesparalelas.com.ar\/sitio\/wp-json\/wp\/v2\/media\/82805"}],"wp:attachment":[{"href":"https:\/\/vocesparalelas.com.ar\/sitio\/wp-json\/wp\/v2\/media?parent=82802"}],"wp:term":[{"taxonomy":"category","embeddable":true,"href":"https:\/\/vocesparalelas.com.ar\/sitio\/wp-json\/wp\/v2\/categories?post=82802"},{"taxonomy":"post_tag","embeddable":true,"href":"https:\/\/vocesparalelas.com.ar\/sitio\/wp-json\/wp\/v2\/tags?post=82802"}],"curies":[{"name":"wp","href":"https:\/\/api.w.org\/{rel}","templated":true}]}}