{"id":82798,"date":"2025-02-18T18:30:51","date_gmt":"2025-02-18T21:30:51","guid":{"rendered":"https:\/\/vocesparalelas.com.ar\/sitio\/?p=82798"},"modified":"2025-02-19T21:22:10","modified_gmt":"2025-02-20T00:22:10","slug":"carrera-por-amor-a-la-vida-en-san-juan-y-modifican-el-recorrido-de-redtulum","status":"publish","type":"post","link":"https:\/\/vocesparalelas.com.ar\/sitio\/carrera-por-amor-a-la-vida-en-san-juan-y-modifican-el-recorrido-de-redtulum\/","title":{"rendered":"Carrera por Amor a la Vida en San Juan y modifican el recorrido de RedTulum"},"content":{"rendered":"<p>El Ministerio de Gobierno de San Juan, a trav\u00e9s de la Direcci\u00f3n de Coordinaci\u00f3n de RedTulum, inform\u00f3 que el Viernes, 21 de Febrero, se producen desv\u00edos en los recorridos por la \u00abCarrera por Amor a la Vida\u00bb, un evento deportivo y solidario a beneficio de FUNDAME.<\/p>\n<p>La actividad se desarrolla entre las 19:00 y las 00:00 en el Departamento Santa Luc\u00eda y requiere cortes viales totales de calzada en diversas arterias, lo que afecta el recorrido de varias l\u00edneas del transporte p\u00fablico.<\/p>\n<p><span style=\"color: #ff6600;\"><strong>La carrera cuenta con dos modalidades<\/strong><\/span><\/p>\n<ul>\n<li>participativa<\/li>\n<li>competitiva<\/li>\n<\/ul>\n<p>En el primer caso, el recorrido parte desde la intersecci\u00f3n de General Paz y Aberastain, continua por General Paz hasta Ram\u00f3n Franco, siguiendo hasta Hip\u00f3lito Yrigoyen, luego por Balaguer y nuevamente hasta General Paz, finalizando en el punto de partida.<\/p>\n<p>En cuanto a la carrera competitiva, los corredores iniciar\u00e1n en la misma intersecci\u00f3n, avanzar\u00e1n por Ram\u00f3n Franco hasta Hip\u00f3lito Yrigoyen, tomar\u00e1n la v\u00eda lateral de la Autopista Nacional 014 Circunvalaci\u00f3n, luego recorrer\u00e1n Avenida Sarmiento, Fray Justo Santa Mar\u00eda de Oro, Pellegrini, Balcarce, Hip\u00f3lito Yrigoyen, nuevamente la v\u00eda lateral de la Autopista Nacional 014 Circunvalaci\u00f3n y finalizar\u00e1n en la calle General Paz.<\/p>\n<p>Desde la Direcci\u00f3n de Coordinaci\u00f3n de RedTulum se recomienda a los usuarios prever posibles demoras y planificar sus traslados con antelaci\u00f3n a trav\u00e9s de la APP de RedTulum.<\/p>\n<p><strong><span style=\"color: #ff6600;\">Las l\u00edneas afectadas<\/span><\/strong><\/p>\n<ul>\n<li>U.T.E. La Marina S.A. &#8211; La Positiva S.A.:\u00a0TEO 2 y TEO 3.<\/li>\n<li>El Triunfo S.A.:\u00a03, 320, 321, 322, 323, 340, 341 y 364.<\/li>\n<li>Alto de Sierra S.R.L.:\u00a030, 300 y 302.<\/li>\n<\/ul>\n<p>El evento, que busca recaudar fondos para la Fundaci\u00f3n FUNDAME, promete una gran convocatoria tanto de corredores como de espectadores. Las autoridades instan a la comunidad a participar y colaborar con esta causa solidaria.<\/p>\n<p><img loading=\"lazy\" decoding=\"async\" class=\"alignnone size-full wp-image-56364\" src=\"https:\/\/vocesparalelas.com.ar\/sitio\/wp-content\/uploads\/2023\/02\/FundaMe.png\" alt=\"\" width=\"800\" height=\"492\" srcset=\"https:\/\/vocesparalelas.com.ar\/sitio\/wp-content\/uploads\/2023\/02\/FundaMe.png 800w, https:\/\/vocesparalelas.com.ar\/sitio\/wp-content\/uploads\/2023\/02\/FundaMe-300x185.png 300w, https:\/\/vocesparalelas.com.ar\/sitio\/wp-content\/uploads\/2023\/02\/FundaMe-768x472.png 768w\" sizes=\"auto, (max-width: 800px) 100vw, 800px\" \/><\/p>\n","protected":false},"excerpt":{"rendered":"<p>El Ministerio de Gobierno de San Juan, a trav\u00e9s de la Direcci\u00f3n de Coordinaci\u00f3n de RedTulum, inform\u00f3 que el Viernes,<\/p>\n","protected":false},"author":3,"featured_media":74417,"comment_status":"closed","ping_status":"closed","sticky":false,"template":"","format":"standard","meta":{"_acf_changed":false,"_seopress_robots_primary_cat":"none","_seopress_titles_title":"","_seopress_titles_desc":"","_seopress_robots_index":"","colormag_page_container_layout":"default_layout","colormag_page_sidebar_layout":"default_layout","footnotes":""},"categories":[6],"tags":[],"class_list":["post-82798","post","type-post","status-publish","format-standard","has-post-thumbnail","hentry","category-eventos"],"acf":[],"_links":{"self":[{"href":"https:\/\/vocesparalelas.com.ar\/sitio\/wp-json\/wp\/v2\/posts\/82798","targetHints":{"allow":["GET"]}}],"collection":[{"href":"https:\/\/vocesparalelas.com.ar\/sitio\/wp-json\/wp\/v2\/posts"}],"about":[{"href":"https:\/\/vocesparalelas.com.ar\/sitio\/wp-json\/wp\/v2\/types\/post"}],"author":[{"embeddable":true,"href":"https:\/\/vocesparalelas.com.ar\/sitio\/wp-json\/wp\/v2\/users\/3"}],"replies":[{"embeddable":true,"href":"https:\/\/vocesparalelas.com.ar\/sitio\/wp-json\/wp\/v2\/comments?post=82798"}],"version-history":[{"count":1,"href":"https:\/\/vocesparalelas.com.ar\/sitio\/wp-json\/wp\/v2\/posts\/82798\/revisions"}],"predecessor-version":[{"id":82801,"href":"https:\/\/vocesparalelas.com.ar\/sitio\/wp-json\/wp\/v2\/posts\/82798\/revisions\/82801"}],"wp:featuredmedia":[{"embeddable":true,"href":"https:\/\/vocesparalelas.com.ar\/sitio\/wp-json\/wp\/v2\/media\/74417"}],"wp:attachment":[{"href":"https:\/\/vocesparalelas.com.ar\/sitio\/wp-json\/wp\/v2\/media?parent=82798"}],"wp:term":[{"taxonomy":"category","embeddable":true,"href":"https:\/\/vocesparalelas.com.ar\/sitio\/wp-json\/wp\/v2\/categories?post=82798"},{"taxonomy":"post_tag","embeddable":true,"href":"https:\/\/vocesparalelas.com.ar\/sitio\/wp-json\/wp\/v2\/tags?post=82798"}],"curies":[{"name":"wp","href":"https:\/\/api.w.org\/{rel}","templated":true}]}}