{"id":82788,"date":"2025-02-18T16:55:46","date_gmt":"2025-02-18T19:55:46","guid":{"rendered":"https:\/\/vocesparalelas.com.ar\/sitio\/?p=82788"},"modified":"2025-02-18T22:57:19","modified_gmt":"2025-02-19T01:57:19","slug":"obra-de-teatro-lo-tejio-la-juana-en-el-tb-de-san-juan","status":"publish","type":"post","link":"https:\/\/vocesparalelas.com.ar\/sitio\/obra-de-teatro-lo-tejio-la-juana-en-el-tb-de-san-juan\/","title":{"rendered":"Obra de teatro \u00abLo teji\u00f3 la Juana\u00bb en el TB de San Juan"},"content":{"rendered":"<p>El Viernes, 21 y el S\u00e1bado, 22 de Marzo, a las 21:30 hs.; en la Sala Audit\u00f3rium del Teatro del Bicentenario se presenta la Obra de teatro \u00abLo teji\u00f3 la Juana\u00bb.<\/p>\n<p>La compa\u00f1\u00eda Las Savias llega al Teatro del Bicentenario, en San Juan, con la aclamada propuesta dirigida por Ignacio S\u00e1nchez Mestre, quien toma memorias personales de su infancia y las transforma en una conmovedora historia de San Juan.<\/p>\n<p>Interpretada por Pilar Mestre, Juan Francisco L\u00f3pez Bubica, Maitina De Marco, Paula Trucchi, Federico Buso e Ignacio S\u00e1nchez Mestre, la obra sigue a dos hermanos que acaban de perder a su madre y deben tomar una decisi\u00f3n crucial sobre su hogar familiar.<\/p>\n<p><span style=\"color: #ff6600;\"><strong>Entradas<\/strong><\/span><\/p>\n<p>$12000 en Boleter\u00eda del TB con descuentos exclusivos y en TuEntrada.com<\/p>\n<p><a href=\"https:\/\/tbsj.tuentrada.com\/selection\/event\/date?productId=10229111318386\">https:\/\/tbsj.tuentrada.com\/selection\/event\/date?productId=10229111318386<\/a><\/p>\n<p>&nbsp;<\/p>\n<figure id=\"attachment_32104\" aria-describedby=\"caption-attachment-32104\" style=\"width: 800px\" class=\"wp-caption alignnone\"><img loading=\"lazy\" decoding=\"async\" class=\"size-full wp-image-32104\" src=\"https:\/\/vocesparalelas.com.ar\/sitio\/wp-content\/uploads\/2020\/10\/TEATRO-DEL-BICENTENARIO.jpg\" alt=\"\" width=\"800\" height=\"475\" srcset=\"https:\/\/vocesparalelas.com.ar\/sitio\/wp-content\/uploads\/2020\/10\/TEATRO-DEL-BICENTENARIO.jpg 800w, https:\/\/vocesparalelas.com.ar\/sitio\/wp-content\/uploads\/2020\/10\/TEATRO-DEL-BICENTENARIO-300x178.jpg 300w, https:\/\/vocesparalelas.com.ar\/sitio\/wp-content\/uploads\/2020\/10\/TEATRO-DEL-BICENTENARIO-768x456.jpg 768w\" sizes=\"auto, (max-width: 800px) 100vw, 800px\" \/><figcaption id=\"caption-attachment-32104\" class=\"wp-caption-text\">Teatro del Bicentenario<\/figcaption><\/figure>\n","protected":false},"excerpt":{"rendered":"<p>El Viernes, 21 y el S\u00e1bado, 22 de Marzo, a las 21:30 hs.; en la Sala Audit\u00f3rium del Teatro del<\/p>\n","protected":false},"author":3,"featured_media":82791,"comment_status":"closed","ping_status":"closed","sticky":false,"template":"","format":"standard","meta":{"_acf_changed":false,"_seopress_robots_primary_cat":"none","_seopress_titles_title":"","_seopress_titles_desc":"","_seopress_robots_index":"","colormag_page_container_layout":"default_layout","colormag_page_sidebar_layout":"default_layout","footnotes":""},"categories":[20],"tags":[],"class_list":["post-82788","post","type-post","status-publish","format-standard","has-post-thumbnail","hentry","category-cartelera"],"acf":[],"_links":{"self":[{"href":"https:\/\/vocesparalelas.com.ar\/sitio\/wp-json\/wp\/v2\/posts\/82788","targetHints":{"allow":["GET"]}}],"collection":[{"href":"https:\/\/vocesparalelas.com.ar\/sitio\/wp-json\/wp\/v2\/posts"}],"about":[{"href":"https:\/\/vocesparalelas.com.ar\/sitio\/wp-json\/wp\/v2\/types\/post"}],"author":[{"embeddable":true,"href":"https:\/\/vocesparalelas.com.ar\/sitio\/wp-json\/wp\/v2\/users\/3"}],"replies":[{"embeddable":true,"href":"https:\/\/vocesparalelas.com.ar\/sitio\/wp-json\/wp\/v2\/comments?post=82788"}],"version-history":[{"count":1,"href":"https:\/\/vocesparalelas.com.ar\/sitio\/wp-json\/wp\/v2\/posts\/82788\/revisions"}],"predecessor-version":[{"id":82792,"href":"https:\/\/vocesparalelas.com.ar\/sitio\/wp-json\/wp\/v2\/posts\/82788\/revisions\/82792"}],"wp:featuredmedia":[{"embeddable":true,"href":"https:\/\/vocesparalelas.com.ar\/sitio\/wp-json\/wp\/v2\/media\/82791"}],"wp:attachment":[{"href":"https:\/\/vocesparalelas.com.ar\/sitio\/wp-json\/wp\/v2\/media?parent=82788"}],"wp:term":[{"taxonomy":"category","embeddable":true,"href":"https:\/\/vocesparalelas.com.ar\/sitio\/wp-json\/wp\/v2\/categories?post=82788"},{"taxonomy":"post_tag","embeddable":true,"href":"https:\/\/vocesparalelas.com.ar\/sitio\/wp-json\/wp\/v2\/tags?post=82788"}],"curies":[{"name":"wp","href":"https:\/\/api.w.org\/{rel}","templated":true}]}}