{"id":82779,"date":"2025-02-18T18:38:54","date_gmt":"2025-02-18T21:38:54","guid":{"rendered":"https:\/\/vocesparalelas.com.ar\/sitio\/?p=82779"},"modified":"2025-02-19T21:43:58","modified_gmt":"2025-02-20T00:43:58","slug":"san-juan-tuvo-una-inflacion-enero-2025-de-1-6","status":"publish","type":"post","link":"https:\/\/vocesparalelas.com.ar\/sitio\/san-juan-tuvo-una-inflacion-enero-2025-de-1-6\/","title":{"rendered":"San Juan tuvo una inflaci\u00f3n \u00abEnero 2025\u00bb de 1.6 %"},"content":{"rendered":"<p>De acuerdo al informe del Instituto de Investigaciones Econ\u00f3micas y Estad\u00edsticas de la provincia de San Juan, la comparaci\u00f3n interanual registr\u00f3 un incremento del 76.3 %.<\/p>\n<p>El Ministerio de Econom\u00eda, Finanzas y Hacienda, a trav\u00e9s del Instituto de Investigaciones Econ\u00f3micas y Estad\u00edsticas -IIEE- de San Juan, inform\u00f3 que la inflaci\u00f3n de Enero se ubic\u00f3 en 1.6%. En la comparaci\u00f3n interanual el incremento alcanz\u00f3 76.3%.<\/p>\n<p>Analizando algunas de las divisiones, las que registraron menores variaciones fueron Prendas de vestir y calzado con 0.2%, Transporte 0.9%, Bienes y servicios varios 1.5%, Educaci\u00f3n 1.6% y Equipamiento y mantenimiento del hogar 1.6%.<\/p>\n<p>En cuanto a los Alimentos y bebidas no alcoh\u00f3licas, la variaci\u00f3n fue del 1.0%.<\/p>\n<p>Cabe resaltar en cuanto a las caracter\u00edsticas del relevamiento de precios: el IPC de San Juan se obtiene del relevamiento de una Canasta de 557 productos, en 914 informantes distribuidos en el Gran San Juan, lo que permite recolectar 19.000 aproximadamente, al mes.<\/p>\n<p><img loading=\"lazy\" decoding=\"async\" class=\"alignnone size-full wp-image-65642\" src=\"https:\/\/vocesparalelas.com.ar\/sitio\/wp-content\/uploads\/2023\/11\/GOBIERNO-SAN-JUAN.jpg\" alt=\"\" width=\"800\" height=\"600\" srcset=\"https:\/\/vocesparalelas.com.ar\/sitio\/wp-content\/uploads\/2023\/11\/GOBIERNO-SAN-JUAN.jpg 800w, https:\/\/vocesparalelas.com.ar\/sitio\/wp-content\/uploads\/2023\/11\/GOBIERNO-SAN-JUAN-300x225.jpg 300w, https:\/\/vocesparalelas.com.ar\/sitio\/wp-content\/uploads\/2023\/11\/GOBIERNO-SAN-JUAN-768x576.jpg 768w\" sizes=\"auto, (max-width: 800px) 100vw, 800px\" \/><\/p>\n","protected":false},"excerpt":{"rendered":"<p>De acuerdo al informe del Instituto de Investigaciones Econ\u00f3micas y Estad\u00edsticas de la provincia de San Juan, la comparaci\u00f3n interanual<\/p>\n","protected":false},"author":3,"featured_media":1815,"comment_status":"closed","ping_status":"closed","sticky":false,"template":"","format":"standard","meta":{"_acf_changed":false,"_seopress_robots_primary_cat":"none","_seopress_titles_title":"","_seopress_titles_desc":"","_seopress_robots_index":"","colormag_page_container_layout":"default_layout","colormag_page_sidebar_layout":"default_layout","footnotes":""},"categories":[5],"tags":[],"class_list":["post-82779","post","type-post","status-publish","format-standard","has-post-thumbnail","hentry","category-ofrecimientos"],"acf":[],"_links":{"self":[{"href":"https:\/\/vocesparalelas.com.ar\/sitio\/wp-json\/wp\/v2\/posts\/82779","targetHints":{"allow":["GET"]}}],"collection":[{"href":"https:\/\/vocesparalelas.com.ar\/sitio\/wp-json\/wp\/v2\/posts"}],"about":[{"href":"https:\/\/vocesparalelas.com.ar\/sitio\/wp-json\/wp\/v2\/types\/post"}],"author":[{"embeddable":true,"href":"https:\/\/vocesparalelas.com.ar\/sitio\/wp-json\/wp\/v2\/users\/3"}],"replies":[{"embeddable":true,"href":"https:\/\/vocesparalelas.com.ar\/sitio\/wp-json\/wp\/v2\/comments?post=82779"}],"version-history":[{"count":2,"href":"https:\/\/vocesparalelas.com.ar\/sitio\/wp-json\/wp\/v2\/posts\/82779\/revisions"}],"predecessor-version":[{"id":82783,"href":"https:\/\/vocesparalelas.com.ar\/sitio\/wp-json\/wp\/v2\/posts\/82779\/revisions\/82783"}],"wp:featuredmedia":[{"embeddable":true,"href":"https:\/\/vocesparalelas.com.ar\/sitio\/wp-json\/wp\/v2\/media\/1815"}],"wp:attachment":[{"href":"https:\/\/vocesparalelas.com.ar\/sitio\/wp-json\/wp\/v2\/media?parent=82779"}],"wp:term":[{"taxonomy":"category","embeddable":true,"href":"https:\/\/vocesparalelas.com.ar\/sitio\/wp-json\/wp\/v2\/categories?post=82779"},{"taxonomy":"post_tag","embeddable":true,"href":"https:\/\/vocesparalelas.com.ar\/sitio\/wp-json\/wp\/v2\/tags?post=82779"}],"curies":[{"name":"wp","href":"https:\/\/api.w.org\/{rel}","templated":true}]}}