{"id":82761,"date":"2025-02-18T12:17:26","date_gmt":"2025-02-18T15:17:26","guid":{"rendered":"https:\/\/vocesparalelas.com.ar\/sitio\/?p=82761"},"modified":"2025-02-19T14:37:36","modified_gmt":"2025-02-19T17:37:36","slug":"requisitos-para-acceder-a-la-cobertura-dai-2025-para-los-afiliados-de-la-osp-de-san-juan","status":"publish","type":"post","link":"https:\/\/vocesparalelas.com.ar\/sitio\/requisitos-para-acceder-a-la-cobertura-dai-2025-para-los-afiliados-de-la-osp-de-san-juan\/","title":{"rendered":"Requisitos para acceder a la cobertura DAI 2025 para los afiliados de la OSP de San Juan"},"content":{"rendered":"<p>La Obra Social Provincia del Ministerio de Salud del Gobierno de San Juan informa a sus afiliados que hasta el 30 de Marzo de 2025 se encuentra el plazo para la\u00a0renovaci\u00f3n y solicitud de cobertura del servicio de\u00a0Docente de Apoyo a la Inclusi\u00f3n &#8211; DAI &#8211; para el Ciclo Lectivo 2025.<\/p>\n<p>Este beneficio est\u00e1 destinado a afiliados que asisten a establecimientos de Nivel Inicial, Primario o Secundario y requieren apoyo y acompa\u00f1amiento en el aula durante el per\u00edodo acad\u00e9mico.<\/p>\n<ul>\n<li><strong><span style=\"color: #ff0000;\">Documentaci\u00f3n para iniciar el Expediente Anual de Admisi\u00f3n<\/span><\/strong><\/li>\n<\/ul>\n<ol>\n<li>Nota de solicitud de cobertura.<\/li>\n<li>Certificado \u00danico de Discapacidad &#8211; CUD &#8211; m\u00e1s el Certificado M\u00e9dico con diagn\u00f3stico. Si no posee CUD, debe presentar un Certificado de M\u00e9dico Especialista (psiquiatra o neur\u00f3logo.<\/li>\n<li>Resumen de Historia Cl\u00ednica con objetivo terap\u00e9utico del equipo tratante psic\u00f3logo, psicopedagogo, fonoaudi\u00f3logo.<\/li>\n<li>Acta compromiso firmada por padres, representantes del establecimiento educativo y DAI.<\/li>\n<li>Certificado de alumno regular, indicando curso\/grado y turno, expedido por la instituci\u00f3n educativa.<\/li>\n<li>Informe del Gabinete Interdisciplinario del establecimiento educativo.<\/li>\n<\/ol>\n<p>Si la instituci\u00f3n no cuenta con el gabinete, el informe debe ser realizado por el equipo tratante del estudiante y aprobado por el equipo directivo.<\/p>\n<ul>\n<li><strong><span style=\"color: #ff0000;\">Requisitos para afiliados que recibieron la prestaci\u00f3n en 2024<\/span><\/strong><\/li>\n<\/ul>\n<ol>\n<li>Informe de finalizaci\u00f3n 2024: Al finalizar el ciclo escolar, el afiliado deber\u00e1 presentar este informe emitido por el Gabinete del establecimiento educativo, donde se detallan avances y\/o progresos del estudiante y la conveniencia de la continuidad de la asistencia de DAI. Este informe debe estar firmado por el responsable del Gabinete Escolar y\/o el director del establecimiento.<\/li>\n<li>Nota de solicitud de cobertura (disponible para descargar en la p\u00e1gina web).<\/li>\n<li>Acta compromiso.<\/li>\n<li>Certificado de alumno regular.<\/li>\n<\/ol>\n<p>Para m\u00e1s informaci\u00f3n y descarga de formularios, los afiliados pueden ingresar a la p\u00e1gina web oficial de OSP.<\/p>\n<p>&nbsp;<\/p>\n<p><img loading=\"lazy\" decoding=\"async\" class=\"alignnone size-full wp-image-53683\" src=\"https:\/\/vocesparalelas.com.ar\/sitio\/wp-content\/uploads\/2022\/10\/OSP-EDIFICIO.jpg\" alt=\"\" width=\"800\" height=\"600\" srcset=\"https:\/\/vocesparalelas.com.ar\/sitio\/wp-content\/uploads\/2022\/10\/OSP-EDIFICIO.jpg 800w, https:\/\/vocesparalelas.com.ar\/sitio\/wp-content\/uploads\/2022\/10\/OSP-EDIFICIO-300x225.jpg 300w, https:\/\/vocesparalelas.com.ar\/sitio\/wp-content\/uploads\/2022\/10\/OSP-EDIFICIO-768x576.jpg 768w\" sizes=\"auto, (max-width: 800px) 100vw, 800px\" \/><\/p>\n","protected":false},"excerpt":{"rendered":"<p>La Obra Social Provincia del Ministerio de Salud del Gobierno de San Juan informa a sus afiliados que hasta el<\/p>\n","protected":false},"author":3,"featured_media":20139,"comment_status":"closed","ping_status":"closed","sticky":false,"template":"","format":"standard","meta":{"_acf_changed":false,"_seopress_robots_primary_cat":"none","_seopress_titles_title":"","_seopress_titles_desc":"","_seopress_robots_index":"","colormag_page_container_layout":"default_layout","colormag_page_sidebar_layout":"default_layout","footnotes":""},"categories":[5],"tags":[],"class_list":["post-82761","post","type-post","status-publish","format-standard","has-post-thumbnail","hentry","category-ofrecimientos"],"acf":[],"_links":{"self":[{"href":"https:\/\/vocesparalelas.com.ar\/sitio\/wp-json\/wp\/v2\/posts\/82761","targetHints":{"allow":["GET"]}}],"collection":[{"href":"https:\/\/vocesparalelas.com.ar\/sitio\/wp-json\/wp\/v2\/posts"}],"about":[{"href":"https:\/\/vocesparalelas.com.ar\/sitio\/wp-json\/wp\/v2\/types\/post"}],"author":[{"embeddable":true,"href":"https:\/\/vocesparalelas.com.ar\/sitio\/wp-json\/wp\/v2\/users\/3"}],"replies":[{"embeddable":true,"href":"https:\/\/vocesparalelas.com.ar\/sitio\/wp-json\/wp\/v2\/comments?post=82761"}],"version-history":[{"count":1,"href":"https:\/\/vocesparalelas.com.ar\/sitio\/wp-json\/wp\/v2\/posts\/82761\/revisions"}],"predecessor-version":[{"id":82764,"href":"https:\/\/vocesparalelas.com.ar\/sitio\/wp-json\/wp\/v2\/posts\/82761\/revisions\/82764"}],"wp:featuredmedia":[{"embeddable":true,"href":"https:\/\/vocesparalelas.com.ar\/sitio\/wp-json\/wp\/v2\/media\/20139"}],"wp:attachment":[{"href":"https:\/\/vocesparalelas.com.ar\/sitio\/wp-json\/wp\/v2\/media?parent=82761"}],"wp:term":[{"taxonomy":"category","embeddable":true,"href":"https:\/\/vocesparalelas.com.ar\/sitio\/wp-json\/wp\/v2\/categories?post=82761"},{"taxonomy":"post_tag","embeddable":true,"href":"https:\/\/vocesparalelas.com.ar\/sitio\/wp-json\/wp\/v2\/tags?post=82761"}],"curies":[{"name":"wp","href":"https:\/\/api.w.org\/{rel}","templated":true}]}}