{"id":82756,"date":"2025-02-18T12:09:25","date_gmt":"2025-02-18T15:09:25","guid":{"rendered":"https:\/\/vocesparalelas.com.ar\/sitio\/?p=82756"},"modified":"2025-02-19T14:36:51","modified_gmt":"2025-02-19T17:36:51","slug":"presentaron-el-programa-provincial-de-prevencion-interdisciplinaria-en-el-ambito-escolar-de-san-juan","status":"publish","type":"post","link":"https:\/\/vocesparalelas.com.ar\/sitio\/presentaron-el-programa-provincial-de-prevencion-interdisciplinaria-en-el-ambito-escolar-de-san-juan\/","title":{"rendered":"Presentaron el Programa Provincial de Prevenci\u00f3n Interdisciplinaria en el \u00c1mbito Escolar de San Juan"},"content":{"rendered":"<p>El Ministerio de Educaci\u00f3n del Gobierno de San Juan, a trav\u00e9s de la Direcci\u00f3n de Gabinetes T\u00e9cnicos Interdisciplinarios, realiz\u00f3 la presentaci\u00f3n del Programa Provincial de Prevenci\u00f3n Interdisciplinaria en el \u00c1mbito Escolar, en un encuentro desarrollado en el auditorio Emar Acosta con los gabinetistas de la provincia.<\/p>\n<p>Este programa se aplicar\u00e1 desde el inicio del Ciclo Lectivo 2025 e involucra a toda la comunidad educativa: estudiantes, directores de \u00e1reas, supervisores, directores, preceptores y familias de los alumnos.<\/p>\n<p>El Programa Provincial de Prevenci\u00f3n Interdisciplinaria en el \u00c1mbito Escolar tiene como objetivo general el fomento de la prevenci\u00f3n orientada a educaci\u00f3n, a trav\u00e9s de intervenciones centradas en conductas saludables. La ministra de Educaci\u00f3n, Lic. Silvia Fuentes, acompa\u00f1\u00f3 la iniciativa, a la vez que destac\u00f3 que el programa aborda diferentes dimensiones educativas, como la pedag\u00f3gica, la institucional o la comunitaria.<\/p>\n<p>El dise\u00f1o de las actividades para cada eje del programa contempla desde talleres y conferencias a actividades recreativas, entre otras.<\/p>\n<p>\u201cEs una propuesta que viene a sumar, a ampliar las formaciones del 2024 y que busca abordar la realidad de las instituciones. No s\u00f3lo abarca a los estudiantes y docentes, sino a cada protagonista de la comunidad educativa provincial\u201d, indic\u00f3 Luis Lucero, director de Gabinetes T\u00e9cnicos Interdisciplinarios.<\/p>\n<p>As\u00ed, en los estudiantes busca potenciar el desarrollo personal para el afrontamiento adaptativo de situaciones de cambio en la vida cotidiana. Involucra por un lado, el descubrimiento de las fortalezas de los estudiantes, autoconocimiento, autoeficacia, autoestima y por el otro, la tolerancia a la frustraci\u00f3n (aprendizajes, resiliencia, flexibilidad).<\/p>\n<p>Tambi\u00e9n incluye el fortalecimiento de v\u00ednculos familiares, por la importancia de las relaciones familiares en el desarrollo integral de los estudiantes; mientras que contempla el proyecto de vida, que implica toma de decisiones, autodeterminaci\u00f3n en la conducta, el \u00abqui\u00e9n se quiere ser en la vida m\u00e1s que el hacer\u00bb, adem\u00e1s de la orientaci\u00f3n vocacional.<\/p>\n<p>Entre los docentes, a su vez, brinda oportunidades para la construcci\u00f3n colectiva de propuestas innovadoras, a fin de elaborar herramientas que posibiliten acciones preventivas en la labor \u00e1ulica.<\/p>\n<p>Por su parte, los preceptores cumplen un rol importante en el programa ya que son considerados referentes en la prevenci\u00f3n.<\/p>\n<p>En tanto, la iniciativa fomenta estrategias que contribuir\u00e1n al fortalecimiento del v\u00ednculo familiar.<\/p>\n<p>En el programa, que tiene despliegue anual, trabajar\u00e1n los 256 gabinetistas de la provincia de San Juan, coordinados por el equipo de gesti\u00f3n del Ministerio de Educaci\u00f3n del Gobierno de San Juan.<\/p>\n<p><img loading=\"lazy\" decoding=\"async\" class=\"alignnone size-full wp-image-28629\" src=\"https:\/\/vocesparalelas.com.ar\/sitio\/wp-content\/uploads\/2020\/05\/MINISTERIO-EDUCACION-SJ.jpg\" alt=\"\" width=\"800\" height=\"533\" srcset=\"https:\/\/vocesparalelas.com.ar\/sitio\/wp-content\/uploads\/2020\/05\/MINISTERIO-EDUCACION-SJ.jpg 800w, https:\/\/vocesparalelas.com.ar\/sitio\/wp-content\/uploads\/2020\/05\/MINISTERIO-EDUCACION-SJ-300x200.jpg 300w, https:\/\/vocesparalelas.com.ar\/sitio\/wp-content\/uploads\/2020\/05\/MINISTERIO-EDUCACION-SJ-768x512.jpg 768w\" sizes=\"auto, (max-width: 800px) 100vw, 800px\" \/><\/p>\n","protected":false},"excerpt":{"rendered":"<p>El Ministerio de Educaci\u00f3n del Gobierno de San Juan, a trav\u00e9s de la Direcci\u00f3n de Gabinetes T\u00e9cnicos Interdisciplinarios, realiz\u00f3 la<\/p>\n","protected":false},"author":3,"featured_media":82759,"comment_status":"closed","ping_status":"closed","sticky":false,"template":"","format":"standard","meta":{"_acf_changed":false,"_seopress_robots_primary_cat":"none","_seopress_titles_title":"","_seopress_titles_desc":"","_seopress_robots_index":"","colormag_page_container_layout":"default_layout","colormag_page_sidebar_layout":"default_layout","footnotes":""},"categories":[5],"tags":[],"class_list":["post-82756","post","type-post","status-publish","format-standard","has-post-thumbnail","hentry","category-ofrecimientos"],"acf":[],"_links":{"self":[{"href":"https:\/\/vocesparalelas.com.ar\/sitio\/wp-json\/wp\/v2\/posts\/82756","targetHints":{"allow":["GET"]}}],"collection":[{"href":"https:\/\/vocesparalelas.com.ar\/sitio\/wp-json\/wp\/v2\/posts"}],"about":[{"href":"https:\/\/vocesparalelas.com.ar\/sitio\/wp-json\/wp\/v2\/types\/post"}],"author":[{"embeddable":true,"href":"https:\/\/vocesparalelas.com.ar\/sitio\/wp-json\/wp\/v2\/users\/3"}],"replies":[{"embeddable":true,"href":"https:\/\/vocesparalelas.com.ar\/sitio\/wp-json\/wp\/v2\/comments?post=82756"}],"version-history":[{"count":1,"href":"https:\/\/vocesparalelas.com.ar\/sitio\/wp-json\/wp\/v2\/posts\/82756\/revisions"}],"predecessor-version":[{"id":82760,"href":"https:\/\/vocesparalelas.com.ar\/sitio\/wp-json\/wp\/v2\/posts\/82756\/revisions\/82760"}],"wp:featuredmedia":[{"embeddable":true,"href":"https:\/\/vocesparalelas.com.ar\/sitio\/wp-json\/wp\/v2\/media\/82759"}],"wp:attachment":[{"href":"https:\/\/vocesparalelas.com.ar\/sitio\/wp-json\/wp\/v2\/media?parent=82756"}],"wp:term":[{"taxonomy":"category","embeddable":true,"href":"https:\/\/vocesparalelas.com.ar\/sitio\/wp-json\/wp\/v2\/categories?post=82756"},{"taxonomy":"post_tag","embeddable":true,"href":"https:\/\/vocesparalelas.com.ar\/sitio\/wp-json\/wp\/v2\/tags?post=82756"}],"curies":[{"name":"wp","href":"https:\/\/api.w.org\/{rel}","templated":true}]}}