{"id":82748,"date":"2025-02-17T22:25:43","date_gmt":"2025-02-18T01:25:43","guid":{"rendered":"https:\/\/vocesparalelas.com.ar\/sitio\/?p=82748"},"modified":"2025-02-19T14:41:11","modified_gmt":"2025-02-19T17:41:11","slug":"espectacular-exposicion-verano-tech-2025-en-san-juan","status":"publish","type":"post","link":"https:\/\/vocesparalelas.com.ar\/sitio\/espectacular-exposicion-verano-tech-2025-en-san-juan\/","title":{"rendered":"Espectacular exposici\u00f3n \u00abVerano Tech 2025\u00bb en San Juan"},"content":{"rendered":"<p>Con un gran evento en el Centro Cultural Conte Grand, el Lunes, 17 de Febrero, concluy\u00f3 una nueva edici\u00f3n de Verano Tech 2025, el programa que promueve el aprendizaje de nuevas tecnolog\u00edas y que este a\u00f1o reuni\u00f3 a m\u00e1s de 400 participantes.<\/p>\n<p>El encuentro cont\u00f3 con la presencia del ministro de Producci\u00f3n, Trabajo e Innovaci\u00f3n del Gobierno de San Juan, CPN Gustavo Fern\u00e1ndez; la ministra de Gobierno, Dra. Laura Palma; secretario de Ciencia, Tecnolog\u00eda e Innovaci\u00f3n, Dr. German Von Euw; director de Actividad de la Promoci\u00f3n Cient\u00edfica, Ing. Federico Ramos; intendenta de Capital, Dra. Susana Laciar. entre otras autoridades.<\/p>\n<p><iframe loading=\"lazy\" title=\"SAN JUAN VERANO TECH 2025\" width=\"800\" height=\"450\" src=\"https:\/\/www.youtube.com\/embed\/uYDjBxkVrpc?feature=oembed\" frameborder=\"0\" allow=\"accelerometer; autoplay; clipboard-write; encrypted-media; gyroscope; picture-in-picture; web-share\" referrerpolicy=\"strict-origin-when-cross-origin\" allowfullscreen><\/iframe><\/p>\n<p>Durante la jornada, ni\u00f1os y j\u00f3venes expusieron los proyectos en los que trabajaron a lo largo del ciclo, demostrando las habilidades adquiridas en distintas \u00e1reas del conocimiento digital.<\/p>\n<p>Los asistentes al programa no solo provinieron del Gran San Juan, sino tambi\u00e9n de departamentos alejados como 25 de Mayo y Caucete, reflejando el impacto territorial de la iniciativa.<\/p>\n<p><img loading=\"lazy\" decoding=\"async\" class=\"alignnone size-full wp-image-82753\" src=\"https:\/\/vocesparalelas.com.ar\/sitio\/wp-content\/uploads\/2025\/02\/SAN-JUAN-VERANO-TECH-CIERRE-03.jpg\" alt=\"\" width=\"800\" height=\"533\" srcset=\"https:\/\/vocesparalelas.com.ar\/sitio\/wp-content\/uploads\/2025\/02\/SAN-JUAN-VERANO-TECH-CIERRE-03.jpg 800w, https:\/\/vocesparalelas.com.ar\/sitio\/wp-content\/uploads\/2025\/02\/SAN-JUAN-VERANO-TECH-CIERRE-03-300x200.jpg 300w, https:\/\/vocesparalelas.com.ar\/sitio\/wp-content\/uploads\/2025\/02\/SAN-JUAN-VERANO-TECH-CIERRE-03-768x512.jpg 768w\" sizes=\"auto, (max-width: 800px) 100vw, 800px\" \/><\/p>\n<p>A lo largo de las semanas de actividades, los participantes accedieron a conocimientos t\u00e9cnicos y desarrollaron habilidades como el pensamiento l\u00f3gico aplicado a la programaci\u00f3n, el trabajo colaborativo y la resoluci\u00f3n de problemas a trav\u00e9s del desarrollo de proyectos tecnol\u00f3gicos.<\/p>\n<p><img loading=\"lazy\" decoding=\"async\" class=\"alignnone size-full wp-image-82754\" src=\"https:\/\/vocesparalelas.com.ar\/sitio\/wp-content\/uploads\/2025\/02\/SAN-JUAN-VERANO-TECH-CIERRE-04.jpg\" alt=\"\" width=\"800\" height=\"533\" srcset=\"https:\/\/vocesparalelas.com.ar\/sitio\/wp-content\/uploads\/2025\/02\/SAN-JUAN-VERANO-TECH-CIERRE-04.jpg 800w, https:\/\/vocesparalelas.com.ar\/sitio\/wp-content\/uploads\/2025\/02\/SAN-JUAN-VERANO-TECH-CIERRE-04-300x200.jpg 300w, https:\/\/vocesparalelas.com.ar\/sitio\/wp-content\/uploads\/2025\/02\/SAN-JUAN-VERANO-TECH-CIERRE-04-768x512.jpg 768w\" sizes=\"auto, (max-width: 800px) 100vw, 800px\" \/><\/p>\n<p>El programa incluy\u00f3 propuestas innovadoras en rob\u00f3tica, dibujo tradicional y digital, impresi\u00f3n 3D y dise\u00f1o de videojuegos, brindando a los j\u00f3venes herramientas fundamentales para su inserci\u00f3n en el mundo digital. Impulsado por la Secretar\u00eda de Ciencia, Tecnolog\u00eda e Innovaci\u00f3n del Ministerio de Producci\u00f3n, Verano Tech tiene como objetivo principal reducir la brecha digital y preparar a las nuevas generaciones para los desaf\u00edos tecnol\u00f3gicos del futuro.<\/p>\n<p><iframe loading=\"lazy\" title=\"Concluy\u00f3 Verano Tech con una muestra de proyectos tecnol\u00f3gicos\" width=\"800\" height=\"450\" src=\"https:\/\/www.youtube.com\/embed\/FtWq5HVGcBE?feature=oembed\" frameborder=\"0\" allow=\"accelerometer; autoplay; clipboard-write; encrypted-media; gyroscope; picture-in-picture; web-share\" referrerpolicy=\"strict-origin-when-cross-origin\" allowfullscreen><\/iframe><\/p>\n<p>El cierre del ciclo se realiz\u00f3 en un ambiente de celebraci\u00f3n, donde familiares y amigos pudieron recorrer las muestras de los proyectos realizados. Adem\u00e1s, se destac\u00f3 la importancia del Centro de Econom\u00eda del Conocimiento e Innovaci\u00f3n (CECI) como espacio clave para el desarrollo de vocaciones cient\u00edficas y tecnol\u00f3gicas en San Juan.<\/p>\n<p><img loading=\"lazy\" decoding=\"async\" class=\"alignnone size-full wp-image-82752\" src=\"https:\/\/vocesparalelas.com.ar\/sitio\/wp-content\/uploads\/2025\/02\/SAN-JUAN-VERANO-TECH-CIERRE-02.jpg\" alt=\"\" width=\"800\" height=\"533\" srcset=\"https:\/\/vocesparalelas.com.ar\/sitio\/wp-content\/uploads\/2025\/02\/SAN-JUAN-VERANO-TECH-CIERRE-02.jpg 800w, https:\/\/vocesparalelas.com.ar\/sitio\/wp-content\/uploads\/2025\/02\/SAN-JUAN-VERANO-TECH-CIERRE-02-300x200.jpg 300w, https:\/\/vocesparalelas.com.ar\/sitio\/wp-content\/uploads\/2025\/02\/SAN-JUAN-VERANO-TECH-CIERRE-02-768x512.jpg 768w\" sizes=\"auto, (max-width: 800px) 100vw, 800px\" \/><\/p>\n","protected":false},"excerpt":{"rendered":"<p>Con un gran evento en el Centro Cultural Conte Grand, el Lunes, 17 de Febrero, concluy\u00f3 una nueva edici\u00f3n de<\/p>\n","protected":false},"author":3,"featured_media":82751,"comment_status":"closed","ping_status":"closed","sticky":false,"template":"","format":"standard","meta":{"_acf_changed":false,"_seopress_robots_primary_cat":"none","_seopress_titles_title":"","_seopress_titles_desc":"","_seopress_robots_index":"","colormag_page_container_layout":"default_layout","colormag_page_sidebar_layout":"default_layout","footnotes":""},"categories":[9,7],"tags":[],"class_list":["post-82748","post","type-post","status-publish","format-standard","has-post-thumbnail","hentry","category-cursos","category-videos"],"acf":[],"_links":{"self":[{"href":"https:\/\/vocesparalelas.com.ar\/sitio\/wp-json\/wp\/v2\/posts\/82748","targetHints":{"allow":["GET"]}}],"collection":[{"href":"https:\/\/vocesparalelas.com.ar\/sitio\/wp-json\/wp\/v2\/posts"}],"about":[{"href":"https:\/\/vocesparalelas.com.ar\/sitio\/wp-json\/wp\/v2\/types\/post"}],"author":[{"embeddable":true,"href":"https:\/\/vocesparalelas.com.ar\/sitio\/wp-json\/wp\/v2\/users\/3"}],"replies":[{"embeddable":true,"href":"https:\/\/vocesparalelas.com.ar\/sitio\/wp-json\/wp\/v2\/comments?post=82748"}],"version-history":[{"count":2,"href":"https:\/\/vocesparalelas.com.ar\/sitio\/wp-json\/wp\/v2\/posts\/82748\/revisions"}],"predecessor-version":[{"id":82823,"href":"https:\/\/vocesparalelas.com.ar\/sitio\/wp-json\/wp\/v2\/posts\/82748\/revisions\/82823"}],"wp:featuredmedia":[{"embeddable":true,"href":"https:\/\/vocesparalelas.com.ar\/sitio\/wp-json\/wp\/v2\/media\/82751"}],"wp:attachment":[{"href":"https:\/\/vocesparalelas.com.ar\/sitio\/wp-json\/wp\/v2\/media?parent=82748"}],"wp:term":[{"taxonomy":"category","embeddable":true,"href":"https:\/\/vocesparalelas.com.ar\/sitio\/wp-json\/wp\/v2\/categories?post=82748"},{"taxonomy":"post_tag","embeddable":true,"href":"https:\/\/vocesparalelas.com.ar\/sitio\/wp-json\/wp\/v2\/tags?post=82748"}],"curies":[{"name":"wp","href":"https:\/\/api.w.org\/{rel}","templated":true}]}}