{"id":82707,"date":"2025-02-17T17:32:07","date_gmt":"2025-02-17T20:32:07","guid":{"rendered":"https:\/\/vocesparalelas.com.ar\/sitio\/?p=82707"},"modified":"2025-02-18T19:16:48","modified_gmt":"2025-02-18T22:16:48","slug":"888-policias-de-san-juan-ascendieron-su-rango","status":"publish","type":"post","link":"https:\/\/vocesparalelas.com.ar\/sitio\/888-policias-de-san-juan-ascendieron-su-rango\/","title":{"rendered":"888 Polic\u00edas de San Juan ascendieron su rango"},"content":{"rendered":"<p>El gobernador de San Juan, Dr. Marcelo Orrego firm\u00f3 el decreto y se implement\u00f3 la medida seg\u00fan los plazos establecidos por ley para el personal Superior y Subalterno.<\/p>\n<p>De este modo, seg\u00fan consta en el decreto, se promovi\u00f3 a 888 efectivos policiales.<\/p>\n<p>Esta medida qued\u00f3 plasmada en el Art\u00edculo 1 del decreto: \u00abSe promueve al Personal Superior y Subalterno de los distintos cuerpos y escalafones de la Polic\u00eda de San Juan\u00bb .<\/p>\n<p>Cumpliendo as\u00ed con los requisitos establecidos en el Reglamento de Ascensos Policiales.<\/p>\n<p>&nbsp;<\/p>\n<p><img loading=\"lazy\" decoding=\"async\" class=\"alignnone size-full wp-image-65642\" src=\"https:\/\/vocesparalelas.com.ar\/sitio\/wp-content\/uploads\/2023\/11\/GOBIERNO-SAN-JUAN.jpg\" alt=\"\" width=\"800\" height=\"600\" srcset=\"https:\/\/vocesparalelas.com.ar\/sitio\/wp-content\/uploads\/2023\/11\/GOBIERNO-SAN-JUAN.jpg 800w, https:\/\/vocesparalelas.com.ar\/sitio\/wp-content\/uploads\/2023\/11\/GOBIERNO-SAN-JUAN-300x225.jpg 300w, https:\/\/vocesparalelas.com.ar\/sitio\/wp-content\/uploads\/2023\/11\/GOBIERNO-SAN-JUAN-768x576.jpg 768w\" sizes=\"auto, (max-width: 800px) 100vw, 800px\" \/><\/p>\n<p>&nbsp;<\/p>\n","protected":false},"excerpt":{"rendered":"<p>El gobernador de San Juan, Dr. Marcelo Orrego firm\u00f3 el decreto y se implement\u00f3 la medida seg\u00fan los plazos establecidos<\/p>\n","protected":false},"author":3,"featured_media":59001,"comment_status":"closed","ping_status":"closed","sticky":false,"template":"","format":"standard","meta":{"_acf_changed":false,"_seopress_robots_primary_cat":"none","_seopress_titles_title":"","_seopress_titles_desc":"","_seopress_robots_index":"","colormag_page_container_layout":"default_layout","colormag_page_sidebar_layout":"default_layout","footnotes":""},"categories":[6],"tags":[],"class_list":["post-82707","post","type-post","status-publish","format-standard","has-post-thumbnail","hentry","category-eventos"],"acf":[],"_links":{"self":[{"href":"https:\/\/vocesparalelas.com.ar\/sitio\/wp-json\/wp\/v2\/posts\/82707","targetHints":{"allow":["GET"]}}],"collection":[{"href":"https:\/\/vocesparalelas.com.ar\/sitio\/wp-json\/wp\/v2\/posts"}],"about":[{"href":"https:\/\/vocesparalelas.com.ar\/sitio\/wp-json\/wp\/v2\/types\/post"}],"author":[{"embeddable":true,"href":"https:\/\/vocesparalelas.com.ar\/sitio\/wp-json\/wp\/v2\/users\/3"}],"replies":[{"embeddable":true,"href":"https:\/\/vocesparalelas.com.ar\/sitio\/wp-json\/wp\/v2\/comments?post=82707"}],"version-history":[{"count":1,"href":"https:\/\/vocesparalelas.com.ar\/sitio\/wp-json\/wp\/v2\/posts\/82707\/revisions"}],"predecessor-version":[{"id":82710,"href":"https:\/\/vocesparalelas.com.ar\/sitio\/wp-json\/wp\/v2\/posts\/82707\/revisions\/82710"}],"wp:featuredmedia":[{"embeddable":true,"href":"https:\/\/vocesparalelas.com.ar\/sitio\/wp-json\/wp\/v2\/media\/59001"}],"wp:attachment":[{"href":"https:\/\/vocesparalelas.com.ar\/sitio\/wp-json\/wp\/v2\/media?parent=82707"}],"wp:term":[{"taxonomy":"category","embeddable":true,"href":"https:\/\/vocesparalelas.com.ar\/sitio\/wp-json\/wp\/v2\/categories?post=82707"},{"taxonomy":"post_tag","embeddable":true,"href":"https:\/\/vocesparalelas.com.ar\/sitio\/wp-json\/wp\/v2\/tags?post=82707"}],"curies":[{"name":"wp","href":"https:\/\/api.w.org\/{rel}","templated":true}]}}