{"id":82698,"date":"2025-02-16T20:31:28","date_gmt":"2025-02-16T23:31:28","guid":{"rendered":"https:\/\/vocesparalelas.com.ar\/sitio\/?p=82698"},"modified":"2025-02-18T19:14:14","modified_gmt":"2025-02-18T22:14:14","slug":"sumate-a-los-coros-de-la-ffha-de-la-unsj-para-que-luego-le-cantes-a-san-juan","status":"publish","type":"post","link":"https:\/\/vocesparalelas.com.ar\/sitio\/sumate-a-los-coros-de-la-ffha-de-la-unsj-para-que-luego-le-cantes-a-san-juan\/","title":{"rendered":"Sumate a los Coros de la FFHA de la UNSJ para que luego, le cantes a San Juan"},"content":{"rendered":"<p>La Facultad de Filosof\u00eda Humanidades y Artes de la Universidad Nacional de San Juan invita a los ni\u00f1os y j\u00f3venes, de 6 a 12 a\u00f1os y te apasiona cantar pedirle a un adulto que te acompa\u00f1e y deje los datos, el Viernes, 21 de Febrero, de 18 a 20 hs.; al Sal\u00f3n de Coro del Centro de Creaci\u00f3n Art\u00edstica Coral de la FFHA de la UNSJ, que queda en la Escuela de M\u00fasica, F\u00e9lix Aguilar 387 &#8211; N &#8211; Capital, para que te preinscriban a la audici\u00f3n, en forma presencial.<\/p>\n<p><iframe loading=\"lazy\" title=\"UNSJ FFHA CORO LOS JILGUERITOS\" width=\"800\" height=\"450\" src=\"https:\/\/www.youtube.com\/embed\/IjeLEnBH05Q?feature=oembed\" frameborder=\"0\" allow=\"accelerometer; autoplay; clipboard-write; encrypted-media; gyroscope; picture-in-picture; web-share\" referrerpolicy=\"strict-origin-when-cross-origin\" allowfullscreen><\/iframe><\/p>\n<p>En esta instancia de preinscripci\u00f3n te van a dar un turno con d\u00eda y horario espec\u00edfico para la audici\u00f3n. No es necesario que prepares nada s\u00f3lo van a cantar un ratito juntos para escuchar tu salud vocal. Recuerda que los cupos son limitados.<\/p>\n<p><img loading=\"lazy\" decoding=\"async\" class=\"alignnone size-large wp-image-15100\" src=\"https:\/\/vocesparalelas.com.ar\/sitio\/wp-content\/uploads\/2018\/09\/FFHA-ESCUELA-DE-MUSICA-02-800x600.jpg\" alt=\"\" width=\"800\" height=\"600\" srcset=\"https:\/\/vocesparalelas.com.ar\/sitio\/wp-content\/uploads\/2018\/09\/FFHA-ESCUELA-DE-MUSICA-02-800x600.jpg 800w, https:\/\/vocesparalelas.com.ar\/sitio\/wp-content\/uploads\/2018\/09\/FFHA-ESCUELA-DE-MUSICA-02-300x225.jpg 300w, https:\/\/vocesparalelas.com.ar\/sitio\/wp-content\/uploads\/2018\/09\/FFHA-ESCUELA-DE-MUSICA-02-768x576.jpg 768w, https:\/\/vocesparalelas.com.ar\/sitio\/wp-content\/uploads\/2018\/09\/FFHA-ESCUELA-DE-MUSICA-02.jpg 1000w\" sizes=\"auto, (max-width: 800px) 100vw, 800px\" \/><\/p>\n<p><iframe loading=\"lazy\" title=\"UNSJ FFHA CORO NI\u00d1OS Y J\u00d3VENES (2)\" width=\"800\" height=\"450\" src=\"https:\/\/www.youtube.com\/embed\/_GiWxxkZ4kI?feature=oembed\" frameborder=\"0\" allow=\"accelerometer; autoplay; clipboard-write; encrypted-media; gyroscope; picture-in-picture; web-share\" referrerpolicy=\"strict-origin-when-cross-origin\" allowfullscreen><\/iframe><\/p>\n<p><span style=\"color: #ff6600;\"><strong>Equipo de conducci\u00f3n de los Coros de Ni\u00f1os de la FFHA de la UNSJ<\/strong><\/span><\/p>\n<p>&nbsp;<\/p>\n<p><img loading=\"lazy\" decoding=\"async\" class=\"alignnone size-large wp-image-79546\" src=\"https:\/\/vocesparalelas.com.ar\/sitio\/wp-content\/uploads\/2024\/11\/UNSJ-FFHA-PEOFESORES-800x462.jpg\" alt=\"\" width=\"800\" height=\"462\" srcset=\"https:\/\/vocesparalelas.com.ar\/sitio\/wp-content\/uploads\/2024\/11\/UNSJ-FFHA-PEOFESORES-800x462.jpg 800w, https:\/\/vocesparalelas.com.ar\/sitio\/wp-content\/uploads\/2024\/11\/UNSJ-FFHA-PEOFESORES-300x173.jpg 300w, https:\/\/vocesparalelas.com.ar\/sitio\/wp-content\/uploads\/2024\/11\/UNSJ-FFHA-PEOFESORES-768x443.jpg 768w, https:\/\/vocesparalelas.com.ar\/sitio\/wp-content\/uploads\/2024\/11\/UNSJ-FFHA-PEOFESORES.jpg 899w\" sizes=\"auto, (max-width: 800px) 100vw, 800px\" \/><\/p>\n<ul>\n<li>Director General: Prof. Jorge Fuentes<\/li>\n<li>Co-directora Coro de Ni\u00f1os Preparatorio y Asistente de direcci\u00f3n Coro de Ni\u00f1os y J\u00f3venes: Luciana Escudero<\/li>\n<li>Co-directora Coro Los Jilgueritos y Pianista: Mariana Pechuan<\/li>\n<li>Impostaci\u00f3n vocal: Fernando Lazari<\/li>\n<li>Colaboradores pasantes: Sol Carrizo, Cecilia Tejada, Tadeo Tello, Nahuel V\u00e1zquez<\/li>\n<li>Colaboradores adscriptos: Mar\u00eda Dolores San Mart\u00edn, Amparo Mercado<\/li>\n<\/ul>\n<p><iframe loading=\"lazy\" title=\"UNSJ FFHA CORO NI\u00d1OS PREPARATORIO\" width=\"800\" height=\"450\" src=\"https:\/\/www.youtube.com\/embed\/bEQ0ATWl0tI?feature=oembed\" frameborder=\"0\" allow=\"accelerometer; autoplay; clipboard-write; encrypted-media; gyroscope; picture-in-picture; web-share\" referrerpolicy=\"strict-origin-when-cross-origin\" allowfullscreen><\/iframe><\/p>\n<p>Disfruta la experiencia vivida y completa en el Coro para disfrutar en familia.<\/p>\n<p><img loading=\"lazy\" decoding=\"async\" class=\"alignnone size-large wp-image-43889\" src=\"https:\/\/vocesparalelas.com.ar\/sitio\/wp-content\/uploads\/2021\/11\/FFHA-FRENTE-1-800x600.jpg\" alt=\"\" width=\"800\" height=\"600\" srcset=\"https:\/\/vocesparalelas.com.ar\/sitio\/wp-content\/uploads\/2021\/11\/FFHA-FRENTE-1-800x600.jpg 800w, https:\/\/vocesparalelas.com.ar\/sitio\/wp-content\/uploads\/2021\/11\/FFHA-FRENTE-1-300x225.jpg 300w, https:\/\/vocesparalelas.com.ar\/sitio\/wp-content\/uploads\/2021\/11\/FFHA-FRENTE-1-768x576.jpg 768w, https:\/\/vocesparalelas.com.ar\/sitio\/wp-content\/uploads\/2021\/11\/FFHA-FRENTE-1.jpg 1024w\" sizes=\"auto, (max-width: 800px) 100vw, 800px\" \/><\/p>\n","protected":false},"excerpt":{"rendered":"<p>La Facultad de Filosof\u00eda Humanidades y Artes de la Universidad Nacional de San Juan invita a los ni\u00f1os y j\u00f3venes,<\/p>\n","protected":false},"author":3,"featured_media":26481,"comment_status":"closed","ping_status":"closed","sticky":false,"template":"","format":"standard","meta":{"_acf_changed":false,"_seopress_robots_primary_cat":"none","_seopress_titles_title":"","_seopress_titles_desc":"","_seopress_robots_index":"","colormag_page_container_layout":"default_layout","colormag_page_sidebar_layout":"default_layout","footnotes":""},"categories":[5,7],"tags":[],"class_list":["post-82698","post","type-post","status-publish","format-standard","has-post-thumbnail","hentry","category-ofrecimientos","category-videos"],"acf":[],"_links":{"self":[{"href":"https:\/\/vocesparalelas.com.ar\/sitio\/wp-json\/wp\/v2\/posts\/82698","targetHints":{"allow":["GET"]}}],"collection":[{"href":"https:\/\/vocesparalelas.com.ar\/sitio\/wp-json\/wp\/v2\/posts"}],"about":[{"href":"https:\/\/vocesparalelas.com.ar\/sitio\/wp-json\/wp\/v2\/types\/post"}],"author":[{"embeddable":true,"href":"https:\/\/vocesparalelas.com.ar\/sitio\/wp-json\/wp\/v2\/users\/3"}],"replies":[{"embeddable":true,"href":"https:\/\/vocesparalelas.com.ar\/sitio\/wp-json\/wp\/v2\/comments?post=82698"}],"version-history":[{"count":1,"href":"https:\/\/vocesparalelas.com.ar\/sitio\/wp-json\/wp\/v2\/posts\/82698\/revisions"}],"predecessor-version":[{"id":82701,"href":"https:\/\/vocesparalelas.com.ar\/sitio\/wp-json\/wp\/v2\/posts\/82698\/revisions\/82701"}],"wp:featuredmedia":[{"embeddable":true,"href":"https:\/\/vocesparalelas.com.ar\/sitio\/wp-json\/wp\/v2\/media\/26481"}],"wp:attachment":[{"href":"https:\/\/vocesparalelas.com.ar\/sitio\/wp-json\/wp\/v2\/media?parent=82698"}],"wp:term":[{"taxonomy":"category","embeddable":true,"href":"https:\/\/vocesparalelas.com.ar\/sitio\/wp-json\/wp\/v2\/categories?post=82698"},{"taxonomy":"post_tag","embeddable":true,"href":"https:\/\/vocesparalelas.com.ar\/sitio\/wp-json\/wp\/v2\/tags?post=82698"}],"curies":[{"name":"wp","href":"https:\/\/api.w.org\/{rel}","templated":true}]}}