{"id":82682,"date":"2025-02-15T18:47:59","date_gmt":"2025-02-15T21:47:59","guid":{"rendered":"https:\/\/vocesparalelas.com.ar\/sitio\/?p=82682"},"modified":"2025-02-15T20:48:24","modified_gmt":"2025-02-15T23:48:24","slug":"san-juan-y-coquimbo-juntos-para-el-traslado-terrestre-de-un-paciente-por-el-paso-internacional-de-agua-negra","status":"publish","type":"post","link":"https:\/\/vocesparalelas.com.ar\/sitio\/san-juan-y-coquimbo-juntos-para-el-traslado-terrestre-de-un-paciente-por-el-paso-internacional-de-agua-negra\/","title":{"rendered":"San Juan y Coquimbo juntos para el traslado terrestre de un paciente por el Paso Internacional de Agua Negra"},"content":{"rendered":"<p>El S\u00e1bado, 15 de Febrero, un paciente que presenta una fractura en su pierna, fue trasladado desde la provincia del Elqui, Regi\u00f3n de Coquimbo, Rep\u00fablica de Chile a la provincia de San Juan, Rep\u00fablica Argentina, a trav\u00e9s del Paso Internacional de Agua Negra. Es un hecho in\u00e9dito en la regi\u00f3n.<\/p>\n<p>Es importante explicar que el paciente se lo busc\u00f3 y se traslad\u00f3 en una ambulancia 4&#215;4 totalmente equipada, que parti\u00f3 a las 7:00 horas desde el Hospital Dr. Tomas Per\u00f3n, Departamento Iglesia, Provincia de San Juan, Rep\u00fablica Argentina. Estuvo a cargo del chofer Roberto D\u00edaz y el Lic. en Enfermer\u00eda Braian Poblete.<\/p>\n<p><img loading=\"lazy\" decoding=\"async\" class=\"alignnone size-full wp-image-82686\" src=\"https:\/\/vocesparalelas.com.ar\/sitio\/wp-content\/uploads\/2025\/02\/SALUD-TRASLADO-02.jpg\" alt=\"\" width=\"800\" height=\"450\" srcset=\"https:\/\/vocesparalelas.com.ar\/sitio\/wp-content\/uploads\/2025\/02\/SALUD-TRASLADO-02.jpg 800w, https:\/\/vocesparalelas.com.ar\/sitio\/wp-content\/uploads\/2025\/02\/SALUD-TRASLADO-02-300x169.jpg 300w, https:\/\/vocesparalelas.com.ar\/sitio\/wp-content\/uploads\/2025\/02\/SALUD-TRASLADO-02-768x432.jpg 768w\" sizes=\"auto, (max-width: 800px) 100vw, 800px\" \/><\/p>\n<p>El paciente, mayor de edad, que presenta una fractura en su pierna, que fue tratado en un primer momento al Hospital San Pablo, de la\u00a0provincia del Elqui,\u00a0Regi\u00f3n de Coquimbo, Rep\u00fablica de Chile, se lo retir\u00f3 en la ambulancia descripta para internarlo en el Hospital Dr. Tom\u00e1s Per\u00f3n.<\/p>\n<p>Cabe destacar que el traslado fue coordinado entre la Direcci\u00f3n de Emergencia, el Hospital Dr. Tom\u00e1s Per\u00f3n, Departamento Iglesia, Provincia de San Juan, Rep\u00fablica Argentina y el Hospital San Pablo, de la provincia del Elqui, Regi\u00f3n de Coquimbo, Rep\u00fablica de Chile, cumpliendo con los protocolos sanitarios de ambos pa\u00edses.<\/p>\n<p>Este operativo tambi\u00e9n involucr\u00f3 la participaci\u00f3n de \u00e1reas clave del Gobierno, como el Ministerio de Salud y el Ministerio de Gobierno de San Juan, junto con la Secretar\u00eda de Medicina Preventiva y la Secretar\u00eda de Relaciones Institucionales, quienes coordinaron esfuerzos con las autoridades sanitarias de Chile para garantizar la correcta atenci\u00f3n y el cumplimiento de los protocolos establecidos.<\/p>\n<p>El paciente se encuentra fuera de peligro y queda en observaci\u00f3n en el Hospital Dr. Tom\u00e1s Per\u00f3n, Departamento Iglesia, Provincia de San Juan, Rep\u00fablica Argentina, para realizar las \u00faltimas valoraciones por el m\u00e9dico de la Guardia.<\/p>\n<p>El exitoso traslado fue posible gracias a la colaboraci\u00f3n entre los equipos de salud de las Rep\u00fablicas de Argentina y de Chile, producto de la hermandad y solidaridad.<\/p>\n<p>&nbsp;<\/p>\n<p><img loading=\"lazy\" decoding=\"async\" class=\"alignnone size-full wp-image-82687\" src=\"https:\/\/vocesparalelas.com.ar\/sitio\/wp-content\/uploads\/2025\/02\/SALUD-TRASLADO-03.jpg\" alt=\"\" width=\"800\" height=\"450\" srcset=\"https:\/\/vocesparalelas.com.ar\/sitio\/wp-content\/uploads\/2025\/02\/SALUD-TRASLADO-03.jpg 800w, https:\/\/vocesparalelas.com.ar\/sitio\/wp-content\/uploads\/2025\/02\/SALUD-TRASLADO-03-300x169.jpg 300w, https:\/\/vocesparalelas.com.ar\/sitio\/wp-content\/uploads\/2025\/02\/SALUD-TRASLADO-03-768x432.jpg 768w\" sizes=\"auto, (max-width: 800px) 100vw, 800px\" \/><\/p>\n","protected":false},"excerpt":{"rendered":"<p>El S\u00e1bado, 15 de Febrero, un paciente que presenta una fractura en su pierna, fue trasladado desde la provincia del<\/p>\n","protected":false},"author":3,"featured_media":82685,"comment_status":"closed","ping_status":"closed","sticky":false,"template":"","format":"standard","meta":{"_acf_changed":false,"_seopress_robots_primary_cat":"none","_seopress_titles_title":"","_seopress_titles_desc":"","_seopress_robots_index":"","colormag_page_container_layout":"default_layout","colormag_page_sidebar_layout":"default_layout","footnotes":""},"categories":[1],"tags":[],"class_list":["post-82682","post","type-post","status-publish","format-standard","has-post-thumbnail","hentry","category-destacadas"],"acf":[],"_links":{"self":[{"href":"https:\/\/vocesparalelas.com.ar\/sitio\/wp-json\/wp\/v2\/posts\/82682","targetHints":{"allow":["GET"]}}],"collection":[{"href":"https:\/\/vocesparalelas.com.ar\/sitio\/wp-json\/wp\/v2\/posts"}],"about":[{"href":"https:\/\/vocesparalelas.com.ar\/sitio\/wp-json\/wp\/v2\/types\/post"}],"author":[{"embeddable":true,"href":"https:\/\/vocesparalelas.com.ar\/sitio\/wp-json\/wp\/v2\/users\/3"}],"replies":[{"embeddable":true,"href":"https:\/\/vocesparalelas.com.ar\/sitio\/wp-json\/wp\/v2\/comments?post=82682"}],"version-history":[{"count":1,"href":"https:\/\/vocesparalelas.com.ar\/sitio\/wp-json\/wp\/v2\/posts\/82682\/revisions"}],"predecessor-version":[{"id":82688,"href":"https:\/\/vocesparalelas.com.ar\/sitio\/wp-json\/wp\/v2\/posts\/82682\/revisions\/82688"}],"wp:featuredmedia":[{"embeddable":true,"href":"https:\/\/vocesparalelas.com.ar\/sitio\/wp-json\/wp\/v2\/media\/82685"}],"wp:attachment":[{"href":"https:\/\/vocesparalelas.com.ar\/sitio\/wp-json\/wp\/v2\/media?parent=82682"}],"wp:term":[{"taxonomy":"category","embeddable":true,"href":"https:\/\/vocesparalelas.com.ar\/sitio\/wp-json\/wp\/v2\/categories?post=82682"},{"taxonomy":"post_tag","embeddable":true,"href":"https:\/\/vocesparalelas.com.ar\/sitio\/wp-json\/wp\/v2\/tags?post=82682"}],"curies":[{"name":"wp","href":"https:\/\/api.w.org\/{rel}","templated":true}]}}