{"id":82678,"date":"2025-02-15T19:24:10","date_gmt":"2025-02-15T22:24:10","guid":{"rendered":"https:\/\/vocesparalelas.com.ar\/sitio\/?p=82678"},"modified":"2025-02-16T21:31:51","modified_gmt":"2025-02-17T00:31:51","slug":"aprender-la-sabiduria-de-la-naturaleza","status":"publish","type":"post","link":"https:\/\/vocesparalelas.com.ar\/sitio\/aprender-la-sabiduria-de-la-naturaleza\/","title":{"rendered":"Aprender la sabidur\u00eda de la naturaleza"},"content":{"rendered":"<p>Por el Arzobispo de San Juan de Cuyo, Monse\u00f1or Jorge Eduardo Lozano<\/p>\n<p>Las alas de las \u00e1guilas y los c\u00f3ndores miden muchos metros cuando se despliegan. Las necesitan as\u00ed para lograr sostenerse en las alturas planeando grandes distancias. Las del colibr\u00ed, en cambio, son m\u00e1s delgadas y tienen unos pocos cent\u00edmetros, suficientes para mantenerse en vuelo ante la flor. La naturaleza es sabia para dotar a las especies seg\u00fan las necesidades. La condici\u00f3n humana no siempre alcanza el mismo grado de sabidur\u00eda. Tenemos grandes anhelos, pero no nos disponemos con las exigencias necesarias.<\/p>\n<p>Para dar avances en el camino sinodal no alcanza el voluntarismo del colibr\u00ed. Debemos abrirnos a la obra del Esp\u00edritu Santo, para que cumpla en nosotros lo anunciado por el profeta: \u201cles dar\u00e9 un coraz\u00f3n nuevo y pondr\u00e9 en ustedes un esp\u00edritu nuevo\u201d (Ez. 36, 26). Como nos ense\u00f1a Jes\u00fas, \u201c\u00a1a vino nuevo, odres nuevos!\u201d (Lc. 5, 38). Lo primero es la espiritualidad, que nos abre a una mirada desde la fe. No somos un parlamento que delibera, sino la Iglesia comuni\u00f3n a la escucha del Esp\u00edritu.<\/p>\n<p>Simult\u00e1neamente es importante revisar las actitudes que nos favorecen o entorpecen el caminar juntos, tu vocaci\u00f3n y lugar en la Iglesia, y actualizarnos en las ense\u00f1anzas del magisterio respecto de s\u00ed misma; todo esto forma parte de lo que llamamos conversi\u00f3n pastoral. En el Documento de Santo Domingo del a\u00f1o 1992 se nos ense\u00f1a que la conversi\u00f3n pastoral \u201cabarca a todo y a todos en la conciencia, en la pr\u00e1ctica personal y comunitaria, en las relaciones de igualdad y autoridad; con estructuras y dinamismos que hagan presente, cada vez m\u00e1s claramente la Iglesia en cuanto signo eficaz, sacramento de salvaci\u00f3n universal\u201d (DSD 30).<\/p>\n<p>Te invito a detenernos para reflexionar y meditar cada frase del texto.<\/p>\n<p><em><u>Abarca a todo y a todos<\/u><\/em>. Nada ni nadie queda excusado de revisarse a la luz del llamado a la conversi\u00f3n pastoral. Todas las vocaciones, ministerios, agentes pastorales, estamos llamados a dejarnos interpelar para ser m\u00e1s fieles a la misi\u00f3n. \u00bfSent\u00eds que este llamado es tambi\u00e9n para vos?<\/p>\n<p><em><u>En el \u00e1mbito de la conciencia<\/u><\/em>. Necesitamos un cambio de mentalidad. Implica reconocernos todos como miembros activos y corresponsables de la comunidad eclesial. O sea, afirmar que es el Esp\u00edritu Santo el que anima y da vitalidad a su Iglesia. Hace falta profundizar en las ense\u00f1anzas del Concilio Vaticano II y reconocernos como Pueblo de Dios en marcha.<\/p>\n<p><em><u>En el \u00e1mbito de las acciones personales y comunitarias<\/u><\/em>. Estamos marcados por la identidad misionera. Todas las actividades deben estar impregnadas por el intento de llegar a todos con la buena noticia de Jes\u00fas. Francisco nos abre su coraz\u00f3n: \u201cSue\u00f1o con una opci\u00f3n misionera capaz de transformarlo todo, para que las costumbres, los estilos, los horarios, el lenguaje y toda estructura eclesial se convierta en un cauce adecuado para la evangelizaci\u00f3n del mundo actual m\u00e1s que para su autopreservaci\u00f3n\u201d (EG 27).<\/p>\n<p>Dejar de lado de una buena vez el<em> \u201csiempre se hizo as\u00ed\u201d <\/em>que paraliza la creatividad y adormece el compromiso.<\/p>\n<p><em><u>En el \u00e1mbito de las relaciones de igualdad y autoridad<\/u><\/em><em>.<\/em> El mayor don que hemos recibido es el Bautismo, que nos hace iguales en dignidad en la comunidad cristiana. Los v\u00ednculos de comuni\u00f3n son fundamentales \u201cpara que el mundo crea\u201d (Jn. 17, 21). El Documento de Aparecida nos ense\u00f1a la necesidad de \u201cactitud de apertura, di\u00e1logo y disponibilidad para promover la corresponsabilidad y la participaci\u00f3n efectiva de todos los fieles en la vida de las comunidades cristianas\u201d (DA 368).<\/p>\n<p><em><u>En el \u00e1mbito de las estructuras<\/u><\/em>. Este proceso de conversi\u00f3n nos lleva a estar dispuestos a reformular las estructuras operativas de la Iglesia, llamados a \u201cabandonar las estructuras caducas que ya no favorezcan la transmisi\u00f3n de la fe\u201d (DA 365). Es necesario fortalecer los Consejos Pastorales y de Asuntos Econ\u00f3micos en cada comunidad.<\/p>\n<p>Demos pasos firmes hacia la conversi\u00f3n que necesitamos. Sigamos caminando como \u201cPeregrinos de la esperanza\u201d.<\/p>\n<p>&nbsp;<\/p>\n<p><iframe loading=\"lazy\" title=\"SAN JUAN MONSE\u00d1OR JORGE LOZANO\" width=\"800\" height=\"450\" src=\"https:\/\/www.youtube.com\/embed\/cXyyecsC-wE?feature=oembed\" frameborder=\"0\" allow=\"accelerometer; autoplay; clipboard-write; encrypted-media; gyroscope; picture-in-picture; web-share\" referrerpolicy=\"strict-origin-when-cross-origin\" allowfullscreen><\/iframe><\/p>\n<p>&nbsp;<\/p>\n<p><img loading=\"lazy\" decoding=\"async\" class=\"alignnone size-full wp-image-61416\" src=\"https:\/\/vocesparalelas.com.ar\/sitio\/wp-content\/uploads\/2023\/07\/ARZOBISPADO-EDIFICIO.jpg\" alt=\"\" width=\"800\" height=\"600\" srcset=\"https:\/\/vocesparalelas.com.ar\/sitio\/wp-content\/uploads\/2023\/07\/ARZOBISPADO-EDIFICIO.jpg 800w, https:\/\/vocesparalelas.com.ar\/sitio\/wp-content\/uploads\/2023\/07\/ARZOBISPADO-EDIFICIO-300x225.jpg 300w, https:\/\/vocesparalelas.com.ar\/sitio\/wp-content\/uploads\/2023\/07\/ARZOBISPADO-EDIFICIO-768x576.jpg 768w\" sizes=\"auto, (max-width: 800px) 100vw, 800px\" \/><\/p>\n","protected":false},"excerpt":{"rendered":"<p>Por el Arzobispo de San Juan de Cuyo, Monse\u00f1or Jorge Eduardo Lozano Las alas de las \u00e1guilas y los c\u00f3ndores<\/p>\n","protected":false},"author":3,"featured_media":20281,"comment_status":"closed","ping_status":"closed","sticky":false,"template":"","format":"standard","meta":{"_acf_changed":false,"_seopress_robots_primary_cat":"none","_seopress_titles_title":"","_seopress_titles_desc":"","_seopress_robots_index":"","colormag_page_container_layout":"default_layout","colormag_page_sidebar_layout":"default_layout","footnotes":""},"categories":[10,7],"tags":[],"class_list":["post-82678","post","type-post","status-publish","format-standard","has-post-thumbnail","hentry","category-opiniones","category-videos"],"acf":[],"_links":{"self":[{"href":"https:\/\/vocesparalelas.com.ar\/sitio\/wp-json\/wp\/v2\/posts\/82678","targetHints":{"allow":["GET"]}}],"collection":[{"href":"https:\/\/vocesparalelas.com.ar\/sitio\/wp-json\/wp\/v2\/posts"}],"about":[{"href":"https:\/\/vocesparalelas.com.ar\/sitio\/wp-json\/wp\/v2\/types\/post"}],"author":[{"embeddable":true,"href":"https:\/\/vocesparalelas.com.ar\/sitio\/wp-json\/wp\/v2\/users\/3"}],"replies":[{"embeddable":true,"href":"https:\/\/vocesparalelas.com.ar\/sitio\/wp-json\/wp\/v2\/comments?post=82678"}],"version-history":[{"count":2,"href":"https:\/\/vocesparalelas.com.ar\/sitio\/wp-json\/wp\/v2\/posts\/82678\/revisions"}],"predecessor-version":[{"id":82702,"href":"https:\/\/vocesparalelas.com.ar\/sitio\/wp-json\/wp\/v2\/posts\/82678\/revisions\/82702"}],"wp:featuredmedia":[{"embeddable":true,"href":"https:\/\/vocesparalelas.com.ar\/sitio\/wp-json\/wp\/v2\/media\/20281"}],"wp:attachment":[{"href":"https:\/\/vocesparalelas.com.ar\/sitio\/wp-json\/wp\/v2\/media?parent=82678"}],"wp:term":[{"taxonomy":"category","embeddable":true,"href":"https:\/\/vocesparalelas.com.ar\/sitio\/wp-json\/wp\/v2\/categories?post=82678"},{"taxonomy":"post_tag","embeddable":true,"href":"https:\/\/vocesparalelas.com.ar\/sitio\/wp-json\/wp\/v2\/tags?post=82678"}],"curies":[{"name":"wp","href":"https:\/\/api.w.org\/{rel}","templated":true}]}}