{"id":82666,"date":"2025-02-15T12:27:13","date_gmt":"2025-02-15T15:27:13","guid":{"rendered":"https:\/\/vocesparalelas.com.ar\/sitio\/?p=82666"},"modified":"2025-02-17T23:40:33","modified_gmt":"2025-02-18T02:40:33","slug":"entregaron-los-certificados-del-programa-aprender-trabajar-y-producir-en-san-juan","status":"publish","type":"post","link":"https:\/\/vocesparalelas.com.ar\/sitio\/entregaron-los-certificados-del-programa-aprender-trabajar-y-producir-en-san-juan\/","title":{"rendered":"Entregaron los certificados del Programa Aprender, Trabajar y Producir en San Juan"},"content":{"rendered":"<p>Los inscriptos en el programa Aprender, Trabajar y Producir de la \u00faltima etapa de 2024, recibieron sus certificados de manos del gobernador. Estos sanjuaninos pudieron acceder a diversas capacitaciones y herramientas para impulsar proyectos de autoempleo<\/p>\n<p>Durante la tarde de este viernes 14 de febrero y en el Sal\u00f3n Cruce de los Andes, el gobernador Marcelo Orrego hizo entrega de certificados del programa Aprender, Trabajar y Producir. Los 400 beneficiarios oriundos de los departamentos Capital, Santa Luc\u00eda, Rivadavia, Zonda, Ullum y Chimbas, recibieron las capacitaciones y herramientas necesarias para darle impulso a sus proyectos de autoempleo, gracias a las oportunidades que ofrece el Gobierno de San Juan, que dispuso de m\u00e1s de $70 millones para financiar dichos emprendimientos.<\/p>\n<p><img loading=\"lazy\" decoding=\"async\" class=\"alignnone size-full wp-image-82670\" src=\"https:\/\/vocesparalelas.com.ar\/sitio\/wp-content\/uploads\/2025\/02\/PROGRAMA-TRABAJO-02.jpg\" alt=\"\" width=\"800\" height=\"450\" srcset=\"https:\/\/vocesparalelas.com.ar\/sitio\/wp-content\/uploads\/2025\/02\/PROGRAMA-TRABAJO-02.jpg 800w, https:\/\/vocesparalelas.com.ar\/sitio\/wp-content\/uploads\/2025\/02\/PROGRAMA-TRABAJO-02-300x169.jpg 300w, https:\/\/vocesparalelas.com.ar\/sitio\/wp-content\/uploads\/2025\/02\/PROGRAMA-TRABAJO-02-768x432.jpg 768w\" sizes=\"auto, (max-width: 800px) 100vw, 800px\" \/><\/p>\n<p>Al momento de dicha entrega, Orrego expres\u00f3: \u201cEsta es una oportunidad para que todos los sanjuaninos puedan generar su propio futuro. Nos tocan tiempos dif\u00edciles a todos los argentinos, pero esta es la forma de trabajar, de una manera mancomunada que nos da la pluralidad de saber que podemos tener un ma\u00f1ana mejor. Este es un programa que se va a ampliar, y por el cual vamos a invertir m\u00e1s recursos\u201d.<\/p>\n<p>En este sentido, el ministro de Producci\u00f3n, Trabajo e Innovaci\u00f3n, Gustavo Fern\u00e1ndez, destac\u00f3: \u201cEste es un programa que estaba en la cabeza del gobernador desde antes de asumir, y que busca estar cercano a las necesidades de todos, conectando las necesidades de la actividad privada con las oportunidades que necesitan los sanjuaninos para crecer. Es un orgullo poder decir que \u2018Aprender, Trabajar y Producir\u2019 benefici\u00f3 a habitantes de los 19 departamentos de la provincia\u201d.<\/p>\n<p>Por su parte, la directora de Formaci\u00f3n y Empleo, Lic. Luciana Cuk, asegur\u00f3: \u201cEste programa viene a traer y a mejorar las condiciones de empleabilidad de cada uno de los sanjuaninos que lo requieren. Vamos a trabajar fuertemente durante este a\u00f1o para seguir llegando a todas las localidades\u201d.<\/p>\n<p>En el acto tambi\u00e9n fueron reconocidas las c\u00e1maras, gremios, empresas e instituciones que colaboraron con el desarrollo de este programa, como lo fueron las facultades de Ingenier\u00eda, y de Arquitectura, Urbanismo y Dise\u00f1o (FAUD) de la Universidad Nacional de San Juan (UNSJ); Casetic; Uocra; Camarco; el Centro de Jubilados y Pensionados del Barrio Agua y Energ\u00eda; y las uniones vecinales Camilo Rojo, barrio Alberdi, y barrio Santo Domingo.<\/p>\n<p>Vale destacar que este programa tiene por objetivo devolver a la persona la dignidad del trabajo. Es un cambio de paradigma que busca, a trav\u00e9s de capacitaciones y pr\u00e1cticas profesionalizantes, mejorar las condiciones de empleabilidad de la mano de obra desocupada y, al mismo tiempo, fortalecer las posibilidades de inserci\u00f3n laboral. Adem\u00e1s, busca impulsar el desarrollo del autoempleo y generar incentivos para la ampliaci\u00f3n de la matriz productiva provincial.<\/p>\n<p>Aprender, Trabajar y Producir, est\u00e1 dirigido a la poblaci\u00f3n econ\u00f3micamente activa de entre 18 y 65 a\u00f1os de edad. Para acceder es necesario ingresar a la p\u00e1gina web https:\/\/aprendertrabajaryproducir.gob.ar, y desde all\u00ed los interesados podr\u00e1n filtrar por departamento o por rubros (construcci\u00f3n, turismo, industria, oficios, comercio y servicios, tecnolog\u00eda e innovaci\u00f3n, miner\u00eda, agropecuario).<\/p>\n<p>Durante 2024, m\u00e1s de 4.000 sanjuaninos se inscribieron al programa, y 3.000 egresaron con \u00e9xito, gracias al acompa\u00f1amiento de m\u00e1s de 40 instituciones tanto del sector p\u00fablico como privado. En este sentido, para 2025 se espera que la cifra pueda triplicarse y que la cantidad de inscriptos alcance los 12.000. Las primeras formaciones en lanzarse este a\u00f1o ser\u00e1n metalmec\u00e1nica y alfabetizaci\u00f3n digital, dentro de las cuales habr\u00e1 diferentes capacitaciones con diversos niveles.<\/p>\n<p>Del encuentro participaron el ministro de Turismo, Cultura y Deportes, Dr. Guido Romero; las diputadas nacionales Dra. Nancy Pic\u00f3n y Mar\u00eda De Los \u00c1ngeles Moreno; funcionarios del Poder Ejecutivo; la presidenta del Consejo Deliberante de Rivadavia, Dra. Carolina Correa Cors; la vicerrectora de la UNSJ, Dra. Anal\u00eda Ponce; y el decano de la FAUD de la UNSJ, Arq. Guillermo Velasco.<\/p>\n<p>&nbsp;<\/p>\n<p><img loading=\"lazy\" decoding=\"async\" class=\"alignnone size-full wp-image-65642\" src=\"https:\/\/vocesparalelas.com.ar\/sitio\/wp-content\/uploads\/2023\/11\/GOBIERNO-SAN-JUAN.jpg\" alt=\"\" width=\"800\" height=\"600\" srcset=\"https:\/\/vocesparalelas.com.ar\/sitio\/wp-content\/uploads\/2023\/11\/GOBIERNO-SAN-JUAN.jpg 800w, https:\/\/vocesparalelas.com.ar\/sitio\/wp-content\/uploads\/2023\/11\/GOBIERNO-SAN-JUAN-300x225.jpg 300w, https:\/\/vocesparalelas.com.ar\/sitio\/wp-content\/uploads\/2023\/11\/GOBIERNO-SAN-JUAN-768x576.jpg 768w\" sizes=\"auto, (max-width: 800px) 100vw, 800px\" \/><\/p>\n","protected":false},"excerpt":{"rendered":"<p>Los inscriptos en el programa Aprender, Trabajar y Producir de la \u00faltima etapa de 2024, recibieron sus certificados de manos<\/p>\n","protected":false},"author":3,"featured_media":82669,"comment_status":"closed","ping_status":"closed","sticky":false,"template":"","format":"standard","meta":{"_acf_changed":false,"_seopress_robots_primary_cat":"none","_seopress_titles_title":"","_seopress_titles_desc":"","_seopress_robots_index":"","colormag_page_container_layout":"default_layout","colormag_page_sidebar_layout":"default_layout","footnotes":""},"categories":[9],"tags":[],"class_list":["post-82666","post","type-post","status-publish","format-standard","has-post-thumbnail","hentry","category-cursos"],"acf":[],"_links":{"self":[{"href":"https:\/\/vocesparalelas.com.ar\/sitio\/wp-json\/wp\/v2\/posts\/82666","targetHints":{"allow":["GET"]}}],"collection":[{"href":"https:\/\/vocesparalelas.com.ar\/sitio\/wp-json\/wp\/v2\/posts"}],"about":[{"href":"https:\/\/vocesparalelas.com.ar\/sitio\/wp-json\/wp\/v2\/types\/post"}],"author":[{"embeddable":true,"href":"https:\/\/vocesparalelas.com.ar\/sitio\/wp-json\/wp\/v2\/users\/3"}],"replies":[{"embeddable":true,"href":"https:\/\/vocesparalelas.com.ar\/sitio\/wp-json\/wp\/v2\/comments?post=82666"}],"version-history":[{"count":3,"href":"https:\/\/vocesparalelas.com.ar\/sitio\/wp-json\/wp\/v2\/posts\/82666\/revisions"}],"predecessor-version":[{"id":82677,"href":"https:\/\/vocesparalelas.com.ar\/sitio\/wp-json\/wp\/v2\/posts\/82666\/revisions\/82677"}],"wp:featuredmedia":[{"embeddable":true,"href":"https:\/\/vocesparalelas.com.ar\/sitio\/wp-json\/wp\/v2\/media\/82669"}],"wp:attachment":[{"href":"https:\/\/vocesparalelas.com.ar\/sitio\/wp-json\/wp\/v2\/media?parent=82666"}],"wp:term":[{"taxonomy":"category","embeddable":true,"href":"https:\/\/vocesparalelas.com.ar\/sitio\/wp-json\/wp\/v2\/categories?post=82666"},{"taxonomy":"post_tag","embeddable":true,"href":"https:\/\/vocesparalelas.com.ar\/sitio\/wp-json\/wp\/v2\/tags?post=82666"}],"curies":[{"name":"wp","href":"https:\/\/api.w.org\/{rel}","templated":true}]}}