{"id":82660,"date":"2025-02-14T22:14:18","date_gmt":"2025-02-15T01:14:18","guid":{"rendered":"https:\/\/vocesparalelas.com.ar\/sitio\/?p=82660"},"modified":"2025-02-14T22:14:18","modified_gmt":"2025-02-15T01:14:18","slug":"dia-internacional-de-la-mujer-y-la-nina-en-la-ciencia-de-la-fi-de-la-unsj","status":"publish","type":"post","link":"https:\/\/vocesparalelas.com.ar\/sitio\/dia-internacional-de-la-mujer-y-la-nina-en-la-ciencia-de-la-fi-de-la-unsj\/","title":{"rendered":"D\u00eda Internacional de la Mujer y la Ni\u00f1a en la Ciencia de la FI de la UNSJ"},"content":{"rendered":"<p>La Facultad de Ingenier\u00eda de la Universidad Nacional de San Juan recibi\u00f3 a ni\u00f1as y adolescentes de la Provincia, quienes realizaron un recorrido por distintos laboratorios de la Unidad Acad\u00e9mica, en el marco del D\u00eda Internacional de la Mujer y la Ni\u00f1a en la Ciencia.<\/p>\n<p>Con el fin de lograr el acceso y la participaci\u00f3n plena y equitativa en la ciencia para las mujeres y las ni\u00f1as, trabajar por la igualdad de g\u00e9nero y el empoderamiento de las mujeres y las ni\u00f1as, la Asamblea General de las Naciones Unidas decidi\u00f3 proclamar en 2016 (resoluci\u00f3n A\/RES\/70\/212 )\u00a0el 11 de febrero como el D\u00eda Internacional de la Mujer y la Ni\u00f1a en la Ciencia.<\/p>\n<p>Las mujeres y las ni\u00f1as constituyen la mitad de la poblaci\u00f3n mundial y por consiguiente, la mitad de su potencial. La igualdad de g\u00e9nero, adem\u00e1s de ser un derecho humano fundamental, es imprescindible para lograr sociedades pac\u00edficas, con pleno potencial humano y capaces de desarrollarse de forma sostenible. Adem\u00e1s, est\u00e1 demostrado que el empoderamiento de las mujeres estimula la productividad y el crecimiento econ\u00f3mico.<\/p>\n<p>Es por ello que autoridades, jefes\/as de institutos, investigadores y docentes recibieron en sus espacios de desarrollo e investigaci\u00f3n a un grupo de ni\u00f1as y adolescentes para mostrarles c\u00f3mo se trabaja en los laboratorios, los procesos que se llevan a cabo en las investigaciones, los equipamientos tecnol\u00f3gicos, las herramientas, instrumentos y todos los elementos pertinentes a cada \u00e1rea.<\/p>\n<p><img loading=\"lazy\" decoding=\"async\" class=\"alignnone size-large wp-image-82664\" src=\"https:\/\/vocesparalelas.com.ar\/sitio\/wp-content\/uploads\/2025\/02\/FI-UNSJ-CIENTIFICAS-02.jpg\" alt=\"\" width=\"800\" height=\"472\" srcset=\"https:\/\/vocesparalelas.com.ar\/sitio\/wp-content\/uploads\/2025\/02\/FI-UNSJ-CIENTIFICAS-02.jpg 800w, https:\/\/vocesparalelas.com.ar\/sitio\/wp-content\/uploads\/2025\/02\/FI-UNSJ-CIENTIFICAS-02-300x177.jpg 300w, https:\/\/vocesparalelas.com.ar\/sitio\/wp-content\/uploads\/2025\/02\/FI-UNSJ-CIENTIFICAS-02-768x453.jpg 768w\" sizes=\"auto, (max-width: 800px) 100vw, 800px\" \/><\/p>\n<p>El recorrido cont\u00f3 con la presencia de la vicedecana de la Facultad, Dra. Andrea Diaz, el secretario de Ciencia y T\u00e9cnica de la Universidad, Dr. Eric Laciar y miembros del grupo Ingenier\u00eda y G\u00e9nero, quienes trabajan y fomentan constantemente el despertar de vocaciones tempranas en carreras STEM, relacionadas con la ciencia, la tecnolog\u00eda, la ingenier\u00eda y las matem\u00e1ticas.<\/p>\n<p>&nbsp;<\/p>\n<p><img loading=\"lazy\" decoding=\"async\" class=\"alignnone size-full wp-image-60280\" src=\"https:\/\/vocesparalelas.com.ar\/sitio\/wp-content\/uploads\/2023\/06\/FI-UNSJ-FRENTE.jpg\" alt=\"\" width=\"800\" height=\"600\" srcset=\"https:\/\/vocesparalelas.com.ar\/sitio\/wp-content\/uploads\/2023\/06\/FI-UNSJ-FRENTE.jpg 800w, https:\/\/vocesparalelas.com.ar\/sitio\/wp-content\/uploads\/2023\/06\/FI-UNSJ-FRENTE-300x225.jpg 300w, https:\/\/vocesparalelas.com.ar\/sitio\/wp-content\/uploads\/2023\/06\/FI-UNSJ-FRENTE-768x576.jpg 768w\" sizes=\"auto, (max-width: 800px) 100vw, 800px\" \/><\/p>\n","protected":false},"excerpt":{"rendered":"<p>La Facultad de Ingenier\u00eda de la Universidad Nacional de San Juan recibi\u00f3 a ni\u00f1as y adolescentes de la Provincia, quienes<\/p>\n","protected":false},"author":3,"featured_media":82663,"comment_status":"closed","ping_status":"closed","sticky":false,"template":"","format":"standard","meta":{"_acf_changed":false,"_seopress_robots_primary_cat":"none","_seopress_titles_title":"","_seopress_titles_desc":"","_seopress_robots_index":"","colormag_page_container_layout":"default_layout","colormag_page_sidebar_layout":"default_layout","footnotes":""},"categories":[1],"tags":[],"class_list":["post-82660","post","type-post","status-publish","format-standard","has-post-thumbnail","hentry","category-destacadas"],"acf":[],"_links":{"self":[{"href":"https:\/\/vocesparalelas.com.ar\/sitio\/wp-json\/wp\/v2\/posts\/82660","targetHints":{"allow":["GET"]}}],"collection":[{"href":"https:\/\/vocesparalelas.com.ar\/sitio\/wp-json\/wp\/v2\/posts"}],"about":[{"href":"https:\/\/vocesparalelas.com.ar\/sitio\/wp-json\/wp\/v2\/types\/post"}],"author":[{"embeddable":true,"href":"https:\/\/vocesparalelas.com.ar\/sitio\/wp-json\/wp\/v2\/users\/3"}],"replies":[{"embeddable":true,"href":"https:\/\/vocesparalelas.com.ar\/sitio\/wp-json\/wp\/v2\/comments?post=82660"}],"version-history":[{"count":1,"href":"https:\/\/vocesparalelas.com.ar\/sitio\/wp-json\/wp\/v2\/posts\/82660\/revisions"}],"predecessor-version":[{"id":82665,"href":"https:\/\/vocesparalelas.com.ar\/sitio\/wp-json\/wp\/v2\/posts\/82660\/revisions\/82665"}],"wp:featuredmedia":[{"embeddable":true,"href":"https:\/\/vocesparalelas.com.ar\/sitio\/wp-json\/wp\/v2\/media\/82663"}],"wp:attachment":[{"href":"https:\/\/vocesparalelas.com.ar\/sitio\/wp-json\/wp\/v2\/media?parent=82660"}],"wp:term":[{"taxonomy":"category","embeddable":true,"href":"https:\/\/vocesparalelas.com.ar\/sitio\/wp-json\/wp\/v2\/categories?post=82660"},{"taxonomy":"post_tag","embeddable":true,"href":"https:\/\/vocesparalelas.com.ar\/sitio\/wp-json\/wp\/v2\/tags?post=82660"}],"curies":[{"name":"wp","href":"https:\/\/api.w.org\/{rel}","templated":true}]}}