{"id":82647,"date":"2025-02-14T21:25:44","date_gmt":"2025-02-15T00:25:44","guid":{"rendered":"https:\/\/vocesparalelas.com.ar\/sitio\/?p=82647"},"modified":"2025-02-14T22:01:12","modified_gmt":"2025-02-15T01:01:12","slug":"dia-internacional-de-la-lucha-contra-el-cancer-infantil-en-san-juan","status":"publish","type":"post","link":"https:\/\/vocesparalelas.com.ar\/sitio\/dia-internacional-de-la-lucha-contra-el-cancer-infantil-en-san-juan\/","title":{"rendered":"D\u00eda Internacional de la Lucha contra el C\u00e1ncer Infantil en San Juan"},"content":{"rendered":"<p>El Viernes, 14 de Febrero, se realiz\u00f3 la simb\u00f3lica suelta de globos, organizada por la Unidad de Oncohematolog\u00eda y FUNDAME en conmemoraci\u00f3n al D\u00eda Internacional de la Lucha contra el C\u00e1ncer Infantil.<\/p>\n<p>El c\u00e1ncer infantil es una enfermedad poco frecuente en ni\u00f1os y adolescentes; el diagn\u00f3stico precoz y oportuno brinda mejores oportunidades de tratamiento y pron\u00f3stico.<\/p>\n<p><iframe loading=\"lazy\" title=\"HGR CANCER INFANTIL SAN JUAN\" width=\"800\" height=\"450\" src=\"https:\/\/www.youtube.com\/embed\/lrkbJ_PtCfw?feature=oembed\" frameborder=\"0\" allow=\"accelerometer; autoplay; clipboard-write; encrypted-media; gyroscope; picture-in-picture; web-share\" referrerpolicy=\"strict-origin-when-cross-origin\" allowfullscreen><\/iframe><\/p>\n<p>El emotivo momento fue acompa\u00f1ado por hermosas interpretaciones a cargo de la Camerata San Juan bajo la direcci\u00f3n del maestro Pablo Grossman. El acto simb\u00f3lico tiene como objetivo que se eleven al cielo llevando los mejores deseos por la salud de todos los pacientes que luchan contra el c\u00e1ncer infantil.<\/p>\n<p>En la actividad estuvo presente el vicegobernador, Dr. Fabi\u00e1n Mart\u00edn; el ministro de Salud, Dr. Am\u00edlcar Dobladez; el ministro de Familia y Desarrollo Humano, Prof. Carlos Platero; la ministra de Gobierno, Dra. Laura Palma; el director del Hospital Dr. Guillermo Rawson, Dr. Juan Pablo Gempel; la jefa de la Unidad de Oncohematolog\u00eda, Dra. Elizabeth Arrieta; la presidenta de FUNDAME, Mar\u00eda del Valle Garc\u00eda.<\/p>\n<p><img loading=\"lazy\" decoding=\"async\" class=\"alignnone size-full wp-image-82650\" src=\"https:\/\/vocesparalelas.com.ar\/sitio\/wp-content\/uploads\/2025\/02\/HGR-GLOBOS-01.jpg\" alt=\"\" width=\"800\" height=\"450\" srcset=\"https:\/\/vocesparalelas.com.ar\/sitio\/wp-content\/uploads\/2025\/02\/HGR-GLOBOS-01.jpg 800w, https:\/\/vocesparalelas.com.ar\/sitio\/wp-content\/uploads\/2025\/02\/HGR-GLOBOS-01-300x169.jpg 300w, https:\/\/vocesparalelas.com.ar\/sitio\/wp-content\/uploads\/2025\/02\/HGR-GLOBOS-01-768x432.jpg 768w\" sizes=\"auto, (max-width: 800px) 100vw, 800px\" \/><\/p>\n<p>La jefa de la Unidad de Oncohematolog\u00eda, Dra. Elizabeth Arrieta, expres\u00f3 que \u00abhace 20 a\u00f1os que iniciamos la suelta de globos en conmemoraci\u00f3n del d\u00eda de la lucha contra el c\u00e1ncer infantil. Se trata de concientizar de que esta enfermedad existe, que con el diagn\u00f3stico oportuno y el tratamiento adecuado se cura y que no todos los ni\u00f1os del mundo tienen acceso al tratamiento. Hoy en el mundo el 70% de los ni\u00f1os con c\u00e1ncer no pueden acceder al tratamiento oncol\u00f3gico o al diagn\u00f3stico. Es por ello que desde nuestro lugar, desde ac\u00e1 de San Juan, extendemos nuestros brazos para todos aquellos pacientes que no pueden recibir el tratamiento. Hoy el Hospital Rawson atiende al 100% de los pacientes oncol\u00f3gicos de nuestra provincia y hace poco, gracias al gran trabajo que hizo el equipo de calidad y de todo el hospital, se logr\u00f3 la certificaci\u00f3n de calidad de atenci\u00f3n en pacientes oncopedi\u00e1tricos en Argentina\u201d.<\/p>\n<p>El ministro de Salud, Dr. Am\u00edlcar Dobladez destac\u00f3 que \u00abnos reunirnos hoy porque permite visualizar el trabajo diario que hace el equipo de salud, el Servicio en Oncohematolog\u00eda es un orgullo para el sistema de salud y para la provincia. Que hayan certificado normas de calidad y que sean el \u00fanico hospital p\u00fablico en el interior del pa\u00eds en tener esta certificaci\u00f3n, habla del trabajo diario que hacen los equipos de trabajo. Esto demuestra el compromiso y trabajo con los pacientes pedi\u00e1tricos, que es un esfuerzo continuo entre la familia, los pacientes y todos los profesionales. Poder decir que el 80%, de los casos de c\u00e1ncer detectados a tiempo de estas patolog\u00edas se pueden combatir y contener, nos indica que tenemos que trabajar integralmente, debemos trabajar mucho en la prevenci\u00f3n y en la detecci\u00f3n temprana de estas patolog\u00edas\u201d.<\/p>\n<p>El vicegobernador Dr. Fabi\u00e1n Mart\u00edn transmiti\u00f3 los saludos del gobernador, Dr. Marcelo Orrego, quien por razones de agenda no pudo estar presente. \u201cQuiero felicitar y agradecer a todos aquellos profesionales que trabajan en este lugar, que todos los d\u00edas est\u00e1n al lado de los chicos, al lado de los pacientes, al lado de las familias. Como dijo reci\u00e9n el ministro, cuando se habla del c\u00e1ncer claro que da miedo, pero hay que afrontarlo. El ministro se\u00f1al\u00f3 que el 80% de los tratamientos salen adelante, esto es muy importante y nos demuestra que siempre hay que tener esperanza, siempre hay que tener fe, hay que luchar en la vida, porque debemos tener sue\u00f1os, perseguirlos y construirlos. Los familiares de estos chicos tienen sue\u00f1os y quieren que crezcan y que vayan a la escuela y que se desarrollen en la vida, como seguramente ser\u00e1, gracias a todas las personas que trabajan para que los chicos salgan adelante\u201d.<\/p>\n<p><img loading=\"lazy\" decoding=\"async\" class=\"alignnone size-full wp-image-82651\" src=\"https:\/\/vocesparalelas.com.ar\/sitio\/wp-content\/uploads\/2025\/02\/HGR-GLOBOS-03.jpg\" alt=\"\" width=\"800\" height=\"450\" srcset=\"https:\/\/vocesparalelas.com.ar\/sitio\/wp-content\/uploads\/2025\/02\/HGR-GLOBOS-03.jpg 800w, https:\/\/vocesparalelas.com.ar\/sitio\/wp-content\/uploads\/2025\/02\/HGR-GLOBOS-03-300x169.jpg 300w, https:\/\/vocesparalelas.com.ar\/sitio\/wp-content\/uploads\/2025\/02\/HGR-GLOBOS-03-768x432.jpg 768w\" sizes=\"auto, (max-width: 800px) 100vw, 800px\" \/><\/p>\n<p>&nbsp;<\/p>\n","protected":false},"excerpt":{"rendered":"<p>El Viernes, 14 de Febrero, se realiz\u00f3 la simb\u00f3lica suelta de globos, organizada por la Unidad de Oncohematolog\u00eda y FUNDAME<\/p>\n","protected":false},"author":3,"featured_media":82652,"comment_status":"closed","ping_status":"closed","sticky":false,"template":"","format":"standard","meta":{"_acf_changed":false,"_seopress_robots_primary_cat":"none","_seopress_titles_title":"","_seopress_titles_desc":"","_seopress_robots_index":"","colormag_page_container_layout":"default_layout","colormag_page_sidebar_layout":"default_layout","footnotes":""},"categories":[1,7],"tags":[],"class_list":["post-82647","post","type-post","status-publish","format-standard","has-post-thumbnail","hentry","category-destacadas","category-videos"],"acf":[],"_links":{"self":[{"href":"https:\/\/vocesparalelas.com.ar\/sitio\/wp-json\/wp\/v2\/posts\/82647","targetHints":{"allow":["GET"]}}],"collection":[{"href":"https:\/\/vocesparalelas.com.ar\/sitio\/wp-json\/wp\/v2\/posts"}],"about":[{"href":"https:\/\/vocesparalelas.com.ar\/sitio\/wp-json\/wp\/v2\/types\/post"}],"author":[{"embeddable":true,"href":"https:\/\/vocesparalelas.com.ar\/sitio\/wp-json\/wp\/v2\/users\/3"}],"replies":[{"embeddable":true,"href":"https:\/\/vocesparalelas.com.ar\/sitio\/wp-json\/wp\/v2\/comments?post=82647"}],"version-history":[{"count":2,"href":"https:\/\/vocesparalelas.com.ar\/sitio\/wp-json\/wp\/v2\/posts\/82647\/revisions"}],"predecessor-version":[{"id":82659,"href":"https:\/\/vocesparalelas.com.ar\/sitio\/wp-json\/wp\/v2\/posts\/82647\/revisions\/82659"}],"wp:featuredmedia":[{"embeddable":true,"href":"https:\/\/vocesparalelas.com.ar\/sitio\/wp-json\/wp\/v2\/media\/82652"}],"wp:attachment":[{"href":"https:\/\/vocesparalelas.com.ar\/sitio\/wp-json\/wp\/v2\/media?parent=82647"}],"wp:term":[{"taxonomy":"category","embeddable":true,"href":"https:\/\/vocesparalelas.com.ar\/sitio\/wp-json\/wp\/v2\/categories?post=82647"},{"taxonomy":"post_tag","embeddable":true,"href":"https:\/\/vocesparalelas.com.ar\/sitio\/wp-json\/wp\/v2\/tags?post=82647"}],"curies":[{"name":"wp","href":"https:\/\/api.w.org\/{rel}","templated":true}]}}