{"id":82642,"date":"2025-02-14T21:07:05","date_gmt":"2025-02-15T00:07:05","guid":{"rendered":"https:\/\/vocesparalelas.com.ar\/sitio\/?p=82642"},"modified":"2025-02-16T22:19:17","modified_gmt":"2025-02-17T01:19:17","slug":"reunion-clave-hacia-el-inicio-del-ciclo-lectivo-2025-en-san-juan","status":"publish","type":"post","link":"https:\/\/vocesparalelas.com.ar\/sitio\/reunion-clave-hacia-el-inicio-del-ciclo-lectivo-2025-en-san-juan\/","title":{"rendered":"Reuni\u00f3n clave hacia el inicio del Ciclo Lectivo 2025 en San Juan"},"content":{"rendered":"<p>La mirada puesta del Ciclo Lectivo 2025 en San Juan que comienza el Lunes, 24 de Febrero, la ministra de Educaci\u00f3n del Gobierno de San Juan, Lic. Silvia Fuentes presidi\u00f3 la reuni\u00f3n informativa con directores de \u00e1reas y equipos supervisores con el objetivo de afinar los lineamientos, los objetivos y las estrategias que marcan el rumbo del a\u00f1o escolar.<\/p>\n<p>La ministra Lic. Silvia Fuentes abord\u00f3 diferentes aspectos. Por un lado, resalt\u00f3 la importancia del Plan de Alfabetizaci\u00f3n \u201cComprendo y aprendo\u201d, los logros alcanzados y la ampliaci\u00f3n durante 2025, a la vez que adelant\u00f3 detalles sobre las adaptaciones que se har\u00e1n para la Educaci\u00f3n Especial.<\/p>\n<p>A su vez, puso en relieve lo que representa para la comunidad educativa el Plan de Contingencia, una herramienta implementada por el Ministerio de Educaci\u00f3n 2024 que busca asegurar la continuidad del aprendizaje en caso de presentarse imprevistos y que obtuvo el reconocimiento del Consejo Federal de Educaci\u00f3n de la Naci\u00f3n.<\/p>\n<p>Por otra parte, se refiri\u00f3 al programa que entregar\u00e1 computadoras a los alumnos de 5\u00b0 y 6\u00b0 grado de escuelas de gesti\u00f3n p\u00fablica, adem\u00e1s, a docentes de gesti\u00f3n p\u00fablica y privada de 1\u00b0 a 6\u00b0 grado, quienes recibir\u00e1n una capacitaci\u00f3n para la utilizaci\u00f3n de estos dispositivos.<\/p>\n<p>Las computadoras formar\u00e1n parte tambi\u00e9n de la iniciativa que busca la digitalizaci\u00f3n de la libreta de calificaciones, a la vez que ya se est\u00e1 trabajando en la mejora de conectividad de las escuelas a trav\u00e9s de la empresa provincial de tecnolog\u00eda y telecomunicaciones San Juan Innova.<\/p>\n<p>El mantenimiento de los edificios escolares continuar\u00e1 con tareas incluso durante los fines de semana, gracias a la acci\u00f3n del Ministerio de Infraestructura, Agua y Energ\u00eda del Gobierno de San Juan, a trav\u00e9s de la Direcci\u00f3n de Obras Menores y por pedido del gobernador Dr. Marcelo Orrego.<\/p>\n<p>Tambi\u00e9n, habl\u00f3 sobre las mejoras que se proyectan para nivel superior, de cambios en el tratamiento de los \u00e1mbitos rurales y del fortalecimiento en la prevenci\u00f3n a trav\u00e9s de Gabinetes Interdisciplinarios. Tambi\u00e9n, indic\u00f3 que se trabajar\u00e1 en educaci\u00f3n financiera y emocional.<\/p>\n<p>Por otro lado, destac\u00f3 el rol de los supervisores y la importancia de trabajar en equipo, ya que conocen de primera mano lo que pasa en cada escuela.<\/p>\n<p>\u00abEstamos poniendo el coraz\u00f3n, escuchando y realizando un trabajo colaborativo, en el que el di\u00e1logo y la participaci\u00f3n de todos los actores son fundamentales. No hay pol\u00edtica educativa que pueda llevarse adelante sin equipo. Los cambios no son de un d\u00eda para el otro, pero deben iniciarse en alg\u00fan momento\u00bb, se\u00f1al\u00f3 la Ministra de Educaci\u00f3n, Lic. Silvia Fuentes.<\/p>\n<p>Tras la intervenci\u00f3n de la ministra, expuso la secretaria de Educaci\u00f3n, Lic. Mariela Lueje, quien profundiz\u00f3 en detalles t\u00e9cnicos y operativos.<\/p>\n<p>Esta reuni\u00f3n informativa marc\u00f3 el inicio de una serie de encuentros que continuar\u00e1n con los supervisores y los directivos de las escuelas; y estos a su vez con los docentes en el tramo final del precalendario 2025 y a las puertas del nuevo ciclo lectivo.<\/p>\n<p><img loading=\"lazy\" decoding=\"async\" class=\"alignnone size-full wp-image-28629\" src=\"https:\/\/vocesparalelas.com.ar\/sitio\/wp-content\/uploads\/2020\/05\/MINISTERIO-EDUCACION-SJ.jpg\" alt=\"\" width=\"800\" height=\"533\" srcset=\"https:\/\/vocesparalelas.com.ar\/sitio\/wp-content\/uploads\/2020\/05\/MINISTERIO-EDUCACION-SJ.jpg 800w, https:\/\/vocesparalelas.com.ar\/sitio\/wp-content\/uploads\/2020\/05\/MINISTERIO-EDUCACION-SJ-300x200.jpg 300w, https:\/\/vocesparalelas.com.ar\/sitio\/wp-content\/uploads\/2020\/05\/MINISTERIO-EDUCACION-SJ-768x512.jpg 768w\" sizes=\"auto, (max-width: 800px) 100vw, 800px\" \/><\/p>\n","protected":false},"excerpt":{"rendered":"<p>La mirada puesta del Ciclo Lectivo 2025 en San Juan que comienza el Lunes, 24 de Febrero, la ministra de<\/p>\n","protected":false},"author":3,"featured_media":82645,"comment_status":"closed","ping_status":"closed","sticky":false,"template":"","format":"standard","meta":{"_acf_changed":false,"_seopress_robots_primary_cat":"none","_seopress_titles_title":"","_seopress_titles_desc":"","_seopress_robots_index":"","colormag_page_container_layout":"default_layout","colormag_page_sidebar_layout":"default_layout","footnotes":""},"categories":[5],"tags":[],"class_list":["post-82642","post","type-post","status-publish","format-standard","has-post-thumbnail","hentry","category-ofrecimientos"],"acf":[],"_links":{"self":[{"href":"https:\/\/vocesparalelas.com.ar\/sitio\/wp-json\/wp\/v2\/posts\/82642","targetHints":{"allow":["GET"]}}],"collection":[{"href":"https:\/\/vocesparalelas.com.ar\/sitio\/wp-json\/wp\/v2\/posts"}],"about":[{"href":"https:\/\/vocesparalelas.com.ar\/sitio\/wp-json\/wp\/v2\/types\/post"}],"author":[{"embeddable":true,"href":"https:\/\/vocesparalelas.com.ar\/sitio\/wp-json\/wp\/v2\/users\/3"}],"replies":[{"embeddable":true,"href":"https:\/\/vocesparalelas.com.ar\/sitio\/wp-json\/wp\/v2\/comments?post=82642"}],"version-history":[{"count":1,"href":"https:\/\/vocesparalelas.com.ar\/sitio\/wp-json\/wp\/v2\/posts\/82642\/revisions"}],"predecessor-version":[{"id":82646,"href":"https:\/\/vocesparalelas.com.ar\/sitio\/wp-json\/wp\/v2\/posts\/82642\/revisions\/82646"}],"wp:featuredmedia":[{"embeddable":true,"href":"https:\/\/vocesparalelas.com.ar\/sitio\/wp-json\/wp\/v2\/media\/82645"}],"wp:attachment":[{"href":"https:\/\/vocesparalelas.com.ar\/sitio\/wp-json\/wp\/v2\/media?parent=82642"}],"wp:term":[{"taxonomy":"category","embeddable":true,"href":"https:\/\/vocesparalelas.com.ar\/sitio\/wp-json\/wp\/v2\/categories?post=82642"},{"taxonomy":"post_tag","embeddable":true,"href":"https:\/\/vocesparalelas.com.ar\/sitio\/wp-json\/wp\/v2\/tags?post=82642"}],"curies":[{"name":"wp","href":"https:\/\/api.w.org\/{rel}","templated":true}]}}