{"id":82637,"date":"2025-02-14T20:33:50","date_gmt":"2025-02-14T23:33:50","guid":{"rendered":"https:\/\/vocesparalelas.com.ar\/sitio\/?p=82637"},"modified":"2025-02-15T20:53:23","modified_gmt":"2025-02-15T23:53:23","slug":"solicita-adherir-al-rigi-el-proyecto-de-cobre-los-azules-en-san-juan","status":"publish","type":"post","link":"https:\/\/vocesparalelas.com.ar\/sitio\/solicita-adherir-al-rigi-el-proyecto-de-cobre-los-azules-en-san-juan\/","title":{"rendered":"Solicita adherir al RIGI el proyecto de cobre Los Azules en San Juan"},"content":{"rendered":"<p>La empresa McEwen Copper Inc. anunci\u00f3 que su subsidiaria Andes Corporaci\u00f3n Minera S.A. solicit\u00f3 la adhesi\u00f3n del proyecto de cobre Los Azules en el R\u00e9gimen de Incentivos para Grandes Inversiones de Argentina &#8211; RIGI. Representantes de la empresa dieron a conocer ante funcionarios del Ministerio de Miner\u00eda los detalles del pedido de su adhesi\u00f3n al RIGI, como parte de un paso crucial hacia su desarrollo.<\/p>\n<p>Esto signific\u00f3 por parte del equipo de Los Azules, presentar detalles de c\u00f3mo est\u00e1 estructurado el plan de inversi\u00f3n propuesto, los requerimientos de la empresa, qu\u00e9 esperan, cu\u00e1l es el plan de trabajo que se ha perfilado tras los diferentes n\u00fameros definidos.<\/p>\n<p>El plan de inversi\u00f3n contempla USD 227 millones para completar el estudio de factibilidad, realizar nuevas exploraciones y avanzar en tareas preliminares antes del inicio de las obras principales. Posteriormente, la firma estima destinar USD 2.500 millones adicionales para la construcci\u00f3n de la mina y las instalaciones de producci\u00f3n, consolidando as\u00ed una inversi\u00f3n total superior a USD 2.700 millones.<\/p>\n<p>Asimismo la ocasi\u00f3n permiti\u00f3 poner al corriente sobre la actualidad del proyecto, as\u00ed como las acciones previstas para este a\u00f1o, la visi\u00f3n de la empresa sobre el desarrollo sustentable, la incorporaci\u00f3n de trabajadores locales, personal con el que se cuenta actualmente, as\u00ed como los metros propuestos para la campa\u00f1a de exploraci\u00f3n de este a\u00f1o que busca el objetivo de los 10 mil metros perforados.<\/p>\n<p>Participaron de esta reuni\u00f3n en instalaciones del Centro C\u00edvico el ministro de Miner\u00eda del Gobierno de San Juan, Dr. Juan Pablo Perea, Natalia Marchese, secretaria T\u00e9cnica; Guillermo Olgu\u00edn, secretario de Desarrollo Sustentable y Roberto Moreno, secretario de Gesti\u00f3n Ambiental y Control Minero. Por parte de Los Azules, el grupo estuvo liderado por Michael Meding, gerente general; Rodolfo Ovalles, gerente de Legales y RR.II; Alfredo S\u00e1nchez, gerente de Finanzas y Mario Hern\u00e1ndez, gerente de Sustentabilidad del proyecto.<\/p>\n<p><img loading=\"lazy\" decoding=\"async\" class=\"alignnone size-full wp-image-79917\" src=\"https:\/\/vocesparalelas.com.ar\/sitio\/wp-content\/uploads\/2024\/12\/SAN-JUAN-PROYECTO-LOS-AZULES.jpg\" alt=\"\" width=\"800\" height=\"533\" srcset=\"https:\/\/vocesparalelas.com.ar\/sitio\/wp-content\/uploads\/2024\/12\/SAN-JUAN-PROYECTO-LOS-AZULES.jpg 800w, https:\/\/vocesparalelas.com.ar\/sitio\/wp-content\/uploads\/2024\/12\/SAN-JUAN-PROYECTO-LOS-AZULES-300x200.jpg 300w, https:\/\/vocesparalelas.com.ar\/sitio\/wp-content\/uploads\/2024\/12\/SAN-JUAN-PROYECTO-LOS-AZULES-768x512.jpg 768w\" sizes=\"auto, (max-width: 800px) 100vw, 800px\" \/><\/p>\n<p>&nbsp;<\/p>\n","protected":false},"excerpt":{"rendered":"<p>La empresa McEwen Copper Inc. anunci\u00f3 que su subsidiaria Andes Corporaci\u00f3n Minera S.A. solicit\u00f3 la adhesi\u00f3n del proyecto de cobre<\/p>\n","protected":false},"author":3,"featured_media":82640,"comment_status":"closed","ping_status":"closed","sticky":false,"template":"","format":"standard","meta":{"_acf_changed":false,"_seopress_robots_primary_cat":"none","_seopress_titles_title":"","_seopress_titles_desc":"","_seopress_robots_index":"","colormag_page_container_layout":"default_layout","colormag_page_sidebar_layout":"default_layout","footnotes":""},"categories":[2],"tags":[],"class_list":["post-82637","post","type-post","status-publish","format-standard","has-post-thumbnail","hentry","category-convocatorias"],"acf":[],"_links":{"self":[{"href":"https:\/\/vocesparalelas.com.ar\/sitio\/wp-json\/wp\/v2\/posts\/82637","targetHints":{"allow":["GET"]}}],"collection":[{"href":"https:\/\/vocesparalelas.com.ar\/sitio\/wp-json\/wp\/v2\/posts"}],"about":[{"href":"https:\/\/vocesparalelas.com.ar\/sitio\/wp-json\/wp\/v2\/types\/post"}],"author":[{"embeddable":true,"href":"https:\/\/vocesparalelas.com.ar\/sitio\/wp-json\/wp\/v2\/users\/3"}],"replies":[{"embeddable":true,"href":"https:\/\/vocesparalelas.com.ar\/sitio\/wp-json\/wp\/v2\/comments?post=82637"}],"version-history":[{"count":1,"href":"https:\/\/vocesparalelas.com.ar\/sitio\/wp-json\/wp\/v2\/posts\/82637\/revisions"}],"predecessor-version":[{"id":82641,"href":"https:\/\/vocesparalelas.com.ar\/sitio\/wp-json\/wp\/v2\/posts\/82637\/revisions\/82641"}],"wp:featuredmedia":[{"embeddable":true,"href":"https:\/\/vocesparalelas.com.ar\/sitio\/wp-json\/wp\/v2\/media\/82640"}],"wp:attachment":[{"href":"https:\/\/vocesparalelas.com.ar\/sitio\/wp-json\/wp\/v2\/media?parent=82637"}],"wp:term":[{"taxonomy":"category","embeddable":true,"href":"https:\/\/vocesparalelas.com.ar\/sitio\/wp-json\/wp\/v2\/categories?post=82637"},{"taxonomy":"post_tag","embeddable":true,"href":"https:\/\/vocesparalelas.com.ar\/sitio\/wp-json\/wp\/v2\/tags?post=82637"}],"curies":[{"name":"wp","href":"https:\/\/api.w.org\/{rel}","templated":true}]}}