{"id":82597,"date":"2025-02-13T15:23:23","date_gmt":"2025-02-13T18:23:23","guid":{"rendered":"https:\/\/vocesparalelas.com.ar\/sitio\/?p=82597"},"modified":"2025-02-14T22:00:14","modified_gmt":"2025-02-15T01:00:14","slug":"estrategias-y-esfuerzos-de-los-equipos-de-bomberos-de-san-juan-en-la-extincion-de-incendios-forestales-en-rio-negro","status":"publish","type":"post","link":"https:\/\/vocesparalelas.com.ar\/sitio\/estrategias-y-esfuerzos-de-los-equipos-de-bomberos-de-san-juan-en-la-extincion-de-incendios-forestales-en-rio-negro\/","title":{"rendered":"Estrategias y esfuerzos de los Equipos de Bomberos de San Juan en la extinci\u00f3n de incendios forestales en R\u00edo Negro"},"content":{"rendered":"<p>La colaboraci\u00f3n con R\u00edo Negro y la determinaci\u00f3n de los equipos de combate son clave en la lucha contra el fuego en la localidad El Paraje.<\/p>\n<p>En el marco de las tareas de extinci\u00f3n de los incendios forestales que afectan a la provincia de R\u00edo Negro, un equipo de bomberos sanjuaninos, encabezado por el comisario Jorge Carvajal de la Direcci\u00f3n D-9 de la Polic\u00eda de San Juan, participa de un intenso operativo en la localidad de El Paraje, una zona monta\u00f1osa ubicada al pie de la cordillera.<\/p>\n<p>Desde las primeras horas de la ma\u00f1ana, a partir de las 7:00, se establecieron dos grupos de trabajo para combatir las llamas. Uno opera con bombas de incendio, mientras que el otro realiza tareas manuales con herramientas como machetes, motosierras y sogas. En total, los brigadistas enfrentaron un frente de fuego que abarcaba m\u00e1s de tres kil\u00f3metros. Para reforzar la intervenci\u00f3n, se cuenta con apoyo a\u00e9reo, incluyendo tres helic\u00f3pteros y dos aviones.<\/p>\n<p><img loading=\"lazy\" decoding=\"async\" class=\"alignnone size-full wp-image-82485\" src=\"https:\/\/vocesparalelas.com.ar\/sitio\/wp-content\/uploads\/2025\/02\/SAN-JUAN-BOMBEROS-02.jpg\" alt=\"\" width=\"800\" height=\"450\" srcset=\"https:\/\/vocesparalelas.com.ar\/sitio\/wp-content\/uploads\/2025\/02\/SAN-JUAN-BOMBEROS-02.jpg 800w, https:\/\/vocesparalelas.com.ar\/sitio\/wp-content\/uploads\/2025\/02\/SAN-JUAN-BOMBEROS-02-300x169.jpg 300w, https:\/\/vocesparalelas.com.ar\/sitio\/wp-content\/uploads\/2025\/02\/SAN-JUAN-BOMBEROS-02-768x432.jpg 768w\" sizes=\"auto, (max-width: 800px) 100vw, 800px\" \/><\/p>\n<p>El terreno presenta desaf\u00edos significativos debido a su cobertura de pinos y arbustos de gran resistencia. La acumulaci\u00f3n de hojas secas en el suelo act\u00faa como combustible, dificultando las tareas de extinci\u00f3n. Este tipo de trabajo demanda un gran esfuerzo f\u00edsico y una dedicaci\u00f3n exhaustiva por parte de los brigadistas, quienes enfrentan condiciones extremas.<\/p>\n<p>Las jornadas se extienden hasta las 20:00 y el operativo continuar\u00e1, al menos, por cinco d\u00edas m\u00e1s. En este contexto, se lleva tranquilidad a las familias de los bomberos y del personal de Protecci\u00f3n Civil, ya que todos los efectivos reciben la asistencia necesaria en cuanto a provisiones y alimentaci\u00f3n. Adem\u00e1s, el esquema de trabajo permite que los equipos descansen durante la noche para retomar la labor al d\u00eda siguiente.<\/p>\n<p>El Gobierno de San Juan, a trav\u00e9s de la Secretar\u00eda de Seguridad, reafirma su compromiso con la protecci\u00f3n de la vida y el medioambiente, y agradece el esfuerzo y la dedicaci\u00f3n de todos los involucrados en esta importante operaci\u00f3n.<\/p>\n<p>&nbsp;<\/p>\n<p><img loading=\"lazy\" decoding=\"async\" class=\"alignnone size-full wp-image-82600\" src=\"https:\/\/vocesparalelas.com.ar\/sitio\/wp-content\/uploads\/2025\/02\/INCIENDO-FORESTAL-01.jpg\" alt=\"\" width=\"800\" height=\"450\" srcset=\"https:\/\/vocesparalelas.com.ar\/sitio\/wp-content\/uploads\/2025\/02\/INCIENDO-FORESTAL-01.jpg 800w, https:\/\/vocesparalelas.com.ar\/sitio\/wp-content\/uploads\/2025\/02\/INCIENDO-FORESTAL-01-300x169.jpg 300w, https:\/\/vocesparalelas.com.ar\/sitio\/wp-content\/uploads\/2025\/02\/INCIENDO-FORESTAL-01-768x432.jpg 768w\" sizes=\"auto, (max-width: 800px) 100vw, 800px\" \/><\/p>\n","protected":false},"excerpt":{"rendered":"<p>La colaboraci\u00f3n con R\u00edo Negro y la determinaci\u00f3n de los equipos de combate son clave en la lucha contra el<\/p>\n","protected":false},"author":3,"featured_media":82601,"comment_status":"closed","ping_status":"closed","sticky":false,"template":"","format":"standard","meta":{"_acf_changed":false,"_seopress_robots_primary_cat":"none","_seopress_titles_title":"","_seopress_titles_desc":"","_seopress_robots_index":"","colormag_page_container_layout":"default_layout","colormag_page_sidebar_layout":"default_layout","footnotes":""},"categories":[6],"tags":[],"class_list":["post-82597","post","type-post","status-publish","format-standard","has-post-thumbnail","hentry","category-eventos"],"acf":[],"_links":{"self":[{"href":"https:\/\/vocesparalelas.com.ar\/sitio\/wp-json\/wp\/v2\/posts\/82597","targetHints":{"allow":["GET"]}}],"collection":[{"href":"https:\/\/vocesparalelas.com.ar\/sitio\/wp-json\/wp\/v2\/posts"}],"about":[{"href":"https:\/\/vocesparalelas.com.ar\/sitio\/wp-json\/wp\/v2\/types\/post"}],"author":[{"embeddable":true,"href":"https:\/\/vocesparalelas.com.ar\/sitio\/wp-json\/wp\/v2\/users\/3"}],"replies":[{"embeddable":true,"href":"https:\/\/vocesparalelas.com.ar\/sitio\/wp-json\/wp\/v2\/comments?post=82597"}],"version-history":[{"count":1,"href":"https:\/\/vocesparalelas.com.ar\/sitio\/wp-json\/wp\/v2\/posts\/82597\/revisions"}],"predecessor-version":[{"id":82602,"href":"https:\/\/vocesparalelas.com.ar\/sitio\/wp-json\/wp\/v2\/posts\/82597\/revisions\/82602"}],"wp:featuredmedia":[{"embeddable":true,"href":"https:\/\/vocesparalelas.com.ar\/sitio\/wp-json\/wp\/v2\/media\/82601"}],"wp:attachment":[{"href":"https:\/\/vocesparalelas.com.ar\/sitio\/wp-json\/wp\/v2\/media?parent=82597"}],"wp:term":[{"taxonomy":"category","embeddable":true,"href":"https:\/\/vocesparalelas.com.ar\/sitio\/wp-json\/wp\/v2\/categories?post=82597"},{"taxonomy":"post_tag","embeddable":true,"href":"https:\/\/vocesparalelas.com.ar\/sitio\/wp-json\/wp\/v2\/tags?post=82597"}],"curies":[{"name":"wp","href":"https:\/\/api.w.org\/{rel}","templated":true}]}}