{"id":82590,"date":"2025-02-13T15:00:01","date_gmt":"2025-02-13T18:00:01","guid":{"rendered":"https:\/\/vocesparalelas.com.ar\/sitio\/?p=82590"},"modified":"2025-02-14T21:09:58","modified_gmt":"2025-02-15T00:09:58","slug":"calendario-escolar-de-san-juan-ciclo-lectivo-2025","status":"publish","type":"post","link":"https:\/\/vocesparalelas.com.ar\/sitio\/calendario-escolar-de-san-juan-ciclo-lectivo-2025\/","title":{"rendered":"Calendario Escolar de San Juan \u00abCiclo Lectivo 2025\u00bb"},"content":{"rendered":"<p>El Ministerio de Educaci\u00f3n del Gobierno de San Juan estableci\u00f3 el Calendario Escolar Provincial 2025 para las instituciones educativas de gesti\u00f3n estatal y privada, que rige para el Ciclo Lectivo 2025 y contempla inicio y finalizaci\u00f3n de clases, como tambi\u00e9n el receso invernal.<\/p>\n<p><strong><span style=\"color: #ff6600;\">Calendario<\/span><\/strong><\/p>\n<p><strong><span style=\"color: #ff6600;\">Educaci\u00f3n Inicial, gesti\u00f3n estatal y privada<\/span><\/strong><\/p>\n<ul>\n<li>Inicio de ciclo lectivo: 24 de febrero.<\/li>\n<li>1\u00b0 cuatrimestre: 24\/02\/2025 al 04\/07\/2025.<\/li>\n<li>2\u00b0 cuatrimestre: 21\/07\/2025 al 12\/12\/2025.<\/li>\n<li>Receso escolar de invierno: del 7 al 18 de julio.<\/li>\n<li>Finalizaci\u00f3n del ciclo lectivo: 12 de diciembre.<\/li>\n<\/ul>\n<p><span style=\"color: #ff6600;\"><strong>Educaci\u00f3n Primaria (gesti\u00f3n estatal y privada)<\/strong><\/span><\/p>\n<ul>\n<li>Inicio de ciclo lectivo: 24 de febrero.<\/li>\n<li>1\u00b0 Trimestre 24\/02\/2025 al 30\/05\/2025.<\/li>\n<li>2\u00b0 Trimestre 02\/06\/2025 al 15\/09\/2025.<\/li>\n<li>3\u00b0 Trimestre 16\/09\/2025 al 19\/12\/2025 .<\/li>\n<li>Receso escolar de invierno: del 7 al 18 de julio.<\/li>\n<li>Finalizaci\u00f3n del ciclo lectivo: 12 de diciembre.<\/li>\n<\/ul>\n<p><strong><span style=\"color: #ff6600;\">Educaci\u00f3n Secundaria Orientada y Art\u00edstica (gesti\u00f3n estatal y privada)<\/span><\/strong><\/p>\n<ul>\n<li>Inicio de ciclo lectivo: 26 de febrero.<\/li>\n<li>1\u00b0 Cuatrimestre 26\/02\/2025 al 04\/07\/2025.<\/li>\n<li>2\u00b0 Cuatrimestre 23\/07\/2025 al 15\/12\/2025.<\/li>\n<li>Receso escolar de invierno: del 7 al 18 de julio.<\/li>\n<li>Finalizaci\u00f3n del ciclo lectivo: 19 de diciembre.<\/li>\n<\/ul>\n<p><strong><span style=\"color: #ff6600;\">Educaci\u00f3n Secundaria T\u00e9cnica, Agrot\u00e9cnica, Capacitaci\u00f3n Laboral y Formaci\u00f3n Profesional<\/span><\/strong><\/p>\n<ul>\n<li>Inicio de ciclo lectivo: 26 de febrero.<\/li>\n<li>Formaci\u00f3n Profesional (Misiones Monot\u00e9cnicas y de Extensi\u00f3n Cultural, Misi\u00f3n Cultural, Rural Dom\u00e9stica) y Capacitaci\u00f3n Laboral (gesti\u00f3n estatal y privada)<\/li>\n<li>1\u00b0 cuatrimestre 26\/02\/2025 al 04\/07\/2025.<\/li>\n<li>2\u00b0 cuatrimestre 23\/07\/2025 al 15\/12\/2025.<\/li>\n<\/ul>\n<p><span style=\"color: #ff6600;\"><strong>Educaci\u00f3n Secundaria T\u00e9cnica y Agrot\u00e9cnica (gesti\u00f3n estatal y privada)<\/strong><\/span><\/p>\n<ul>\n<li>1\u00b0 trimestre 26\/02\/2025 al 30\/05\/2025.<\/li>\n<li>2\u00b0 trimestre 02\/06\/2025 al 05\/09\/2025.<\/li>\n<li>3\u00b0 trimestre 08\/09\/2025 al 05\/12\/2025.<\/li>\n<li>Receso escolar de invierno: del 7 al 18 de julio.<\/li>\n<li>Finalizaci\u00f3n del ciclo lectivo: 19 de diciembre.<\/li>\n<\/ul>\n<p><span style=\"color: #ff6600;\"><strong>Educaci\u00f3n Superior (gesti\u00f3n estatal y privada)<\/strong><\/span><\/p>\n<ul>\n<li>Inicio de ciclo lectivo: 3 de abril.<\/li>\n<li>1\u00b0 Cuatrimestre: 03\/04\/2025 al 04\/07\/2025.<\/li>\n<li>2\u00b0 Cuatrimestre: 25\/08\/2025 al 21\/11\/2025.<\/li>\n<li>Receso escolar de invierno: del 7 al 18 de julio.<\/li>\n<li>Finalizaci\u00f3n del segundo cuatrimestre: 21 de noviembre.<\/li>\n<\/ul>\n<p><strong><span style=\"color: #ff6600;\">Educaci\u00f3n Especial (gesti\u00f3n estatal y privada)<\/span><\/strong><\/p>\n<ul>\n<li>Inicio de ciclo lectivo: 24 de febrero.<br \/>\n1\u00b0 cuatrimestre: 24\/02\/2025 al 04\/07\/2025.<br \/>\n2\u00b0 cuatrimestre: 21\/07\/2025 al 12\/12\/2025.<br \/>\nReceso escolar de invierno: del 7 al 18 de julio.<br \/>\nFinalizaci\u00f3n del ciclo lectivo: 12 de diciembre.<\/li>\n<\/ul>\n<p><span style=\"color: #ff6600;\"><strong>Educaci\u00f3n No Formal (gesti\u00f3n privada)<\/strong><\/span><\/p>\n<ul>\n<li>Inicio de ciclo lectivo: 5 de marzo.<\/li>\n<li>1\u00b0 Cuatrimestre 05\/03\/2025 al 04\/07\/2025<\/li>\n<li>2\u00b0 Cuatrimestre 21\/07\/2025 al 20\/12\/2<\/li>\n<li>Receso escolar de invierno: del 7 al 18 de julio.<\/li>\n<li>Finalizaci\u00f3n del ciclo lectivo: 19 de diciembre.<\/li>\n<\/ul>\n<p><a href=\"https:\/\/vocesparalelas.com.ar\/sitio\/wp-content\/uploads\/2025\/02\/CALENDARIO_ESCOLAR2025.pdf\">CALENDARIO_ESCOLAR2025<\/a><\/p>\n<p>&nbsp;<\/p>\n<p>&nbsp;<\/p>\n<p><img loading=\"lazy\" decoding=\"async\" class=\"alignnone size-full wp-image-28629\" src=\"https:\/\/vocesparalelas.com.ar\/sitio\/wp-content\/uploads\/2020\/05\/MINISTERIO-EDUCACION-SJ.jpg\" alt=\"\" width=\"800\" height=\"533\" srcset=\"https:\/\/vocesparalelas.com.ar\/sitio\/wp-content\/uploads\/2020\/05\/MINISTERIO-EDUCACION-SJ.jpg 800w, https:\/\/vocesparalelas.com.ar\/sitio\/wp-content\/uploads\/2020\/05\/MINISTERIO-EDUCACION-SJ-300x200.jpg 300w, https:\/\/vocesparalelas.com.ar\/sitio\/wp-content\/uploads\/2020\/05\/MINISTERIO-EDUCACION-SJ-768x512.jpg 768w\" sizes=\"auto, (max-width: 800px) 100vw, 800px\" \/><\/p>\n","protected":false},"excerpt":{"rendered":"<p>El Ministerio de Educaci\u00f3n del Gobierno de San Juan estableci\u00f3 el Calendario Escolar Provincial 2025 para las instituciones educativas de<\/p>\n","protected":false},"author":3,"featured_media":7142,"comment_status":"closed","ping_status":"closed","sticky":false,"template":"","format":"standard","meta":{"_acf_changed":false,"_seopress_robots_primary_cat":"none","_seopress_titles_title":"","_seopress_titles_desc":"","_seopress_robots_index":"","colormag_page_container_layout":"default_layout","colormag_page_sidebar_layout":"default_layout","footnotes":""},"categories":[5],"tags":[],"class_list":["post-82590","post","type-post","status-publish","format-standard","has-post-thumbnail","hentry","category-ofrecimientos"],"acf":[],"_links":{"self":[{"href":"https:\/\/vocesparalelas.com.ar\/sitio\/wp-json\/wp\/v2\/posts\/82590","targetHints":{"allow":["GET"]}}],"collection":[{"href":"https:\/\/vocesparalelas.com.ar\/sitio\/wp-json\/wp\/v2\/posts"}],"about":[{"href":"https:\/\/vocesparalelas.com.ar\/sitio\/wp-json\/wp\/v2\/types\/post"}],"author":[{"embeddable":true,"href":"https:\/\/vocesparalelas.com.ar\/sitio\/wp-json\/wp\/v2\/users\/3"}],"replies":[{"embeddable":true,"href":"https:\/\/vocesparalelas.com.ar\/sitio\/wp-json\/wp\/v2\/comments?post=82590"}],"version-history":[{"count":3,"href":"https:\/\/vocesparalelas.com.ar\/sitio\/wp-json\/wp\/v2\/posts\/82590\/revisions"}],"predecessor-version":[{"id":82596,"href":"https:\/\/vocesparalelas.com.ar\/sitio\/wp-json\/wp\/v2\/posts\/82590\/revisions\/82596"}],"wp:featuredmedia":[{"embeddable":true,"href":"https:\/\/vocesparalelas.com.ar\/sitio\/wp-json\/wp\/v2\/media\/7142"}],"wp:attachment":[{"href":"https:\/\/vocesparalelas.com.ar\/sitio\/wp-json\/wp\/v2\/media?parent=82590"}],"wp:term":[{"taxonomy":"category","embeddable":true,"href":"https:\/\/vocesparalelas.com.ar\/sitio\/wp-json\/wp\/v2\/categories?post=82590"},{"taxonomy":"post_tag","embeddable":true,"href":"https:\/\/vocesparalelas.com.ar\/sitio\/wp-json\/wp\/v2\/tags?post=82590"}],"curies":[{"name":"wp","href":"https:\/\/api.w.org\/{rel}","templated":true}]}}