{"id":82581,"date":"2025-02-13T02:38:28","date_gmt":"2025-02-13T05:38:28","guid":{"rendered":"https:\/\/vocesparalelas.com.ar\/sitio\/?p=82581"},"modified":"2025-02-14T11:51:46","modified_gmt":"2025-02-14T14:51:46","slug":"nueva-propuesta-salarial-del-gobierno-de-san-juan-y-los-gremios-docentes-la-rechazaron-por-insuficiente","status":"publish","type":"post","link":"https:\/\/vocesparalelas.com.ar\/sitio\/nueva-propuesta-salarial-del-gobierno-de-san-juan-y-los-gremios-docentes-la-rechazaron-por-insuficiente\/","title":{"rendered":"Nueva Propuesta salarial del Gobierno de San Juan y los Gremios Docentes la rechazaron por insuficiente"},"content":{"rendered":"<p>Inicia la sesi\u00f3n, la Secretaria de Educaci\u00f3n, Lic. Mariela Lueje, quien da la bienvenida a las partes y acto seguido cede la palabra al Ministro de Econom\u00eda, Hacienda y Finanzas, CPN Roberto Guti\u00e9rrez, quien resalta la pol\u00edtica salarial de gobierno llevada a cabo durante el 2024, como as\u00ed tambi\u00e9n el panorama previsto para el 2025.<\/p>\n<p>Luego toma la palabra el Secretario General de la Gobernaci\u00f3n, Lic. Emilio Achem, quien manifest\u00f3 el inter\u00e9s del Gobierno en profundizar los programas educativos que se est\u00e1n implementando para mejorar la calidad educativa. Remarca nuevamente el logro que signific\u00f3 para el sector docente la suba en el nomenclador de 42 puntos que hizo la gesti\u00f3n del gobierno en el 2024. Adem\u00e1s, desarroll\u00f3 las perspectivas de 2025, en la cual hizo fuerte hincapi\u00e9 en la educaci\u00f3n como factor principal, la generaci\u00f3n de empleo por medio del sector minero, productivo, construcci\u00f3n de obra p\u00fablica privada.<\/p>\n<p>Las entidades sindicales UDAP y AMET expone a las autoridades los vicios que se presentan sobre las designaciones de docentes que han sufrido bajas de cargos y horas c\u00e1tedra, debido a la reiteraci\u00f3n de errores y omisiones por parte de las autoridades de las instituciones escolares y tambi\u00e9n de organismos (oficinas) dependientes del ministerio, en consecuencia, causando perjuicio de todo tipo; exigi\u00e9ndole a las autoridades m\u00e1ximas del Ministerio de Educaci\u00f3n aplicaci\u00f3n de la normativa vigente.<\/p>\n<p>UDA por su parte expresa que a partir de la ley 2476-1 propone elaborar un nuevo instrumento legal resolutivo, ya que la resoluci\u00f3n 12.401 de procedimiento administrativo y sus modificatorias se encuentran desactualizadas con respecto a la normativa vigente. El mismo antes de su aplicaci\u00f3n deber\u00e1 pasar por un proceso de capacitaci\u00f3n de todos agentes involucrados en el circuito administrativo.<\/p>\n<p>El Secretario General de Gobernaci\u00f3n, Lic. Emilio Achem expresa que se aplica y se seguir\u00e1 aplicando La normativa vigente en caso de incumplimiento e imposici\u00f3n de sanciones cuando as\u00ed correspondiere.<\/p>\n<p><span style=\"color: #ff6600;\"><strong>Explicaci\u00f3n y soluciones salariales de los gremios docentes de San Juan<\/strong><\/span><\/p>\n<p>Acto seguido la parte trabajadora manifiesta que luego de consultar a las bases, se decidi\u00f3 el rechazo de la propuesta salarial planteada en la sesi\u00f3n anterior.<\/p>\n<ul>\n<li>Conforme el plenario de UDAP ha resuelto por unanimidad: mejora del radio 4, 5, 6 y 7; una real composici\u00f3n salarial (valor \u00edndice IPC + 5%); Que el \u00edtem A44 se liquide en puntos igual al cargo testigo (452 puntos); restituci\u00f3n del 25,5% correspondiente a inflaci\u00f3n 2023, no considerado a la fecha. Por su parte<\/li>\n<li>UDA expresa que de la reuni\u00f3n de delegados escolares ha surgido el rechazo a la propuesta del Gobierno tambi\u00e9n una contrapropuesta consistente en: elevar en 50 puntos cada uno de los cargos del nomenclador, un incremento salarial conforme al IPC seg\u00fan el valor \u00edndice del mes anterior + 2% para febrero y 2% para marzo, elevar en 10 puntos el c\u00f3digo E60 sin fraccionar o alternativamente que se conceda una suma en efectivo de pesos trescientos mil ($300.000) por CUIL, elevar a pesos cincuenta mil ($50.000) el \u00edtem conectividad por cargo o su equivalente en horas c\u00e1tedra, recuperar el 25% pendiente de diciembre 2023, que se aplique el art. 9 del dto 1890 en la liquidaci\u00f3n del c\u00f3digo A44, elevar la base del sueldo del cargo testigo a pesos seiscientos cincuenta mil ($650.000) m\u00ednimos.<\/li>\n<li>AMET expresa que en reuni\u00f3n de delegados rechazan la propuesta del Gobierno, motivando la presentaci\u00f3n de nota a las autoridades, con las siguientes consideraciones: incremento de puntos en el nomenclador docente, incremento de los c\u00f3digos E60 y E66 en un 100% en toda la grilla, mejora del \u00edtem Conectividad San Juan en un 50% por cargo y hasta dos cargos o su equivalente en horas,<\/li>\n<\/ul>\n<p><span style=\"color: #ff6600;\"><strong>Propuesta del aumento salarial del Gobierno de San Juan<\/strong><\/span><\/p>\n<p>Despu\u00e9s de un arduo debate y de un cuarto intermedio la parte empleadora realiza una nueva propuesta salarial para el himestre de febrero 2025 \u0443 marzo 2025 consistente en:<\/p>\n<ul>\n<li>Incrementar el valor Indice, para febrero 2025, aplicando el coeficiente de variaci\u00f3n del \u00edndice I.P.C (\u00cdndice de Precios al Consumidor) publicado por INDEC, del mes anterior.<\/li>\n<li>Incrementar el valor \u00edndice, para marzo 2025, aplicando el coeficiente de variaci\u00f3n del \u00edndice (\u00cdndice de Precios al Consumidor) publicado por INDEC, del mes anterior.<\/li>\n<li>Incrementar en 2 puntos el c\u00f3digo E601 quedando el mismo en 39 puntos por valor \u00edndice desde el mes de febrero 2025.<\/li>\n<li>Incrementar un 20% el concepto Nueva Conectividad San Juan, quedando el mismo en 37 736 pesos (concepto remunerativo), a partir del mes de febrero 2025,<\/li>\n<li>Incrementar los montos de salario familiar un 7,69%, tambi\u00e9n se actualizan los tramos con el mismo porcentaje y se abonar\u00e1 con los haberes del mes de febrero 2025.Quedando los mismos seg\u00fan Anexo I.<\/li>\n<li>Asimismo, se informa que junto con los haberes de febrero se abonar\u00e1 el porcentaje correspondiente al \u00edtem equipamiento docente seg\u00fan la normativa vigente.<\/li>\n<\/ul>\n<p><img loading=\"lazy\" decoding=\"async\" class=\"alignnone size-full wp-image-82586\" src=\"https:\/\/vocesparalelas.com.ar\/sitio\/wp-content\/uploads\/2025\/02\/SAN-JUAN-ANEXO-I-AUMENTO.jpg\" alt=\"\" width=\"800\" height=\"600\" srcset=\"https:\/\/vocesparalelas.com.ar\/sitio\/wp-content\/uploads\/2025\/02\/SAN-JUAN-ANEXO-I-AUMENTO.jpg 800w, https:\/\/vocesparalelas.com.ar\/sitio\/wp-content\/uploads\/2025\/02\/SAN-JUAN-ANEXO-I-AUMENTO-300x225.jpg 300w, https:\/\/vocesparalelas.com.ar\/sitio\/wp-content\/uploads\/2025\/02\/SAN-JUAN-ANEXO-I-AUMENTO-768x576.jpg 768w\" sizes=\"auto, (max-width: 800px) 100vw, 800px\" \/><\/p>\n<p><span style=\"color: #ff6600;\"><strong>Ante esto la parte trabajadora se manifiesta y rechazan la propuesta salarial del Gobierno de San Juan<\/strong><\/span><\/p>\n<ul>\n<li>UDAP toma nuevamente la palabra y manifiesta de acuerdo a lo expresado por el plenario, rechaza la propuesta salarial del Gobierno de San Juan, por ser distante a la petici\u00f3n de los delegados escolares, solicitando que antes de liquidar febrero se presente una nueva propuesta salarial.<\/li>\n<li>UDA manifiesta que la considera insuficiente pero que no obstante, someter\u00e1 la misma a consideraci\u00f3n de sus bases, dado que la pretensi\u00f3n es seguir dialogando defendiendo el \u00e1mbito paritario, por lo que eventualmente en caso negativo solicitar\u00e1 una nueva contrapropuesta superadora; y solicita a la patronal que intertanto realiza la consulta no se liquide unilateralmente, a efectos de no vulnerar la buena fe negociadora; caso contrario desde ya deja aclarado que la parte trabajadora gozar\u00e1 de libertad de acci\u00f3n.<\/li>\n<li>AMET en funci\u00f3n de la nota elevada a los ministerios en el d\u00eda de la fecha, en las que se expresan los requerimientos docentes, y considerando la \u00faltima propuesta salarial presentada por el gobierno, manifiesta que la misma es insuficiente en relaci\u00f3n con las demandas inicialmente docentes planteadas. Rechazan la propuesta salarial por considerarla insuficiente para el bimestre febrero y marzo. Posteriormente proceden a comunicar este desacuerdo a los respectivos \u00f3rganos estatutario, para definir con sus indicaciones las acciones a seguir en este contexto desatinado seg\u00fan manifiestan. Siempre atentos a este asunto y respetando las indicaciones de los \u00f3rganos estatutarios, para continuar trabajando en busca de una soluci\u00f3n que satisfaga las leg\u00edtimas demandas docentes.<\/li>\n<\/ul>\n<p>Siendo las 01 hs la parte empleadora convoca a continuar la negociaci\u00f3n salarial el mes de Abril 2025, en fecha y hora a acordar.<\/p>\n<p>&nbsp;<\/p>\n<p><img loading=\"lazy\" decoding=\"async\" class=\"alignnone size-full wp-image-28629\" src=\"https:\/\/vocesparalelas.com.ar\/sitio\/wp-content\/uploads\/2020\/05\/MINISTERIO-EDUCACION-SJ.jpg\" alt=\"\" width=\"800\" height=\"533\" srcset=\"https:\/\/vocesparalelas.com.ar\/sitio\/wp-content\/uploads\/2020\/05\/MINISTERIO-EDUCACION-SJ.jpg 800w, https:\/\/vocesparalelas.com.ar\/sitio\/wp-content\/uploads\/2020\/05\/MINISTERIO-EDUCACION-SJ-300x200.jpg 300w, https:\/\/vocesparalelas.com.ar\/sitio\/wp-content\/uploads\/2020\/05\/MINISTERIO-EDUCACION-SJ-768x512.jpg 768w\" sizes=\"auto, (max-width: 800px) 100vw, 800px\" \/><\/p>\n<p>&nbsp;<\/p>\n","protected":false},"excerpt":{"rendered":"<p>Inicia la sesi\u00f3n, la Secretaria de Educaci\u00f3n, Lic. Mariela Lueje, quien da la bienvenida a las partes y acto seguido<\/p>\n","protected":false},"author":3,"featured_media":82584,"comment_status":"closed","ping_status":"closed","sticky":false,"template":"","format":"standard","meta":{"_acf_changed":false,"_seopress_robots_primary_cat":"none","_seopress_titles_title":"","_seopress_titles_desc":"","_seopress_robots_index":"","colormag_page_container_layout":"default_layout","colormag_page_sidebar_layout":"default_layout","footnotes":""},"categories":[5],"tags":[],"class_list":["post-82581","post","type-post","status-publish","format-standard","has-post-thumbnail","hentry","category-ofrecimientos"],"acf":[],"_links":{"self":[{"href":"https:\/\/vocesparalelas.com.ar\/sitio\/wp-json\/wp\/v2\/posts\/82581","targetHints":{"allow":["GET"]}}],"collection":[{"href":"https:\/\/vocesparalelas.com.ar\/sitio\/wp-json\/wp\/v2\/posts"}],"about":[{"href":"https:\/\/vocesparalelas.com.ar\/sitio\/wp-json\/wp\/v2\/types\/post"}],"author":[{"embeddable":true,"href":"https:\/\/vocesparalelas.com.ar\/sitio\/wp-json\/wp\/v2\/users\/3"}],"replies":[{"embeddable":true,"href":"https:\/\/vocesparalelas.com.ar\/sitio\/wp-json\/wp\/v2\/comments?post=82581"}],"version-history":[{"count":2,"href":"https:\/\/vocesparalelas.com.ar\/sitio\/wp-json\/wp\/v2\/posts\/82581\/revisions"}],"predecessor-version":[{"id":82587,"href":"https:\/\/vocesparalelas.com.ar\/sitio\/wp-json\/wp\/v2\/posts\/82581\/revisions\/82587"}],"wp:featuredmedia":[{"embeddable":true,"href":"https:\/\/vocesparalelas.com.ar\/sitio\/wp-json\/wp\/v2\/media\/82584"}],"wp:attachment":[{"href":"https:\/\/vocesparalelas.com.ar\/sitio\/wp-json\/wp\/v2\/media?parent=82581"}],"wp:term":[{"taxonomy":"category","embeddable":true,"href":"https:\/\/vocesparalelas.com.ar\/sitio\/wp-json\/wp\/v2\/categories?post=82581"},{"taxonomy":"post_tag","embeddable":true,"href":"https:\/\/vocesparalelas.com.ar\/sitio\/wp-json\/wp\/v2\/tags?post=82581"}],"curies":[{"name":"wp","href":"https:\/\/api.w.org\/{rel}","templated":true}]}}