{"id":82500,"date":"2025-02-11T12:54:41","date_gmt":"2025-02-11T15:54:41","guid":{"rendered":"https:\/\/vocesparalelas.com.ar\/sitio\/?p=82500"},"modified":"2025-02-12T10:59:54","modified_gmt":"2025-02-12T13:59:54","slug":"taller-inicial-de-canto-grupal-en-san-juan","status":"publish","type":"post","link":"https:\/\/vocesparalelas.com.ar\/sitio\/taller-inicial-de-canto-grupal-en-san-juan\/","title":{"rendered":"Taller Inicial de Canto grupal en San Juan"},"content":{"rendered":"<p>El reconocido musicoterapeuta y docente Fabricio Montilla abre la convocatoria para su Taller Inicial de Canto, un espacio de formaci\u00f3n vocal dirigido a adolescentes, j\u00f3venes y adultos, sin necesidad de experiencia previa.<\/p>\n<p>El taller propone un entrenamiento vocal integral, brindando herramientas t\u00e9cnicas y expresivas para potenciar la voz como medio de comunicaci\u00f3n y musicalidad.<\/p>\n<p><span style=\"color: #ff6600;\"><strong>Datos importantes<\/strong><\/span><\/p>\n<p>Fecha de inicio: 6 de Marzo<br \/>\nFecha de finalizaci\u00f3n: 27 de Junio, incluye muestra final abierta al p\u00fablico<br \/>\nLugar: Tucum\u00e1n 123 Norte<br \/>\nD\u00eda y horario: Jueves, de 19:00 a 20:30 hs.<br \/>\nArancel mensual: $25.000<\/p>\n<p><span style=\"color: #ff6600;\"><strong>Sobre el docente<\/strong><\/span><\/p>\n<p>Fabricio Montilla es musicoterapeuta egresado de la Universidad Nacional de Buenos Aires, con una destacada trayectoria en el \u00e1mbito de la ense\u00f1anza del canto y la creaci\u00f3n art\u00edstica.<\/p>\n<p><strong><span style=\"color: #ff6600;\">Informes e inscripciones<\/span><\/strong><\/p>\n<p><a href=\"montilla.fabricio@gmail.com\">montilla.fabricio@gmail.com<\/a><\/p>\n<p>264 4545009<\/p>\n<p>Las vacantes son limitadas.<\/p>\n<p><img loading=\"lazy\" decoding=\"async\" class=\"alignnone size-full wp-image-33949\" src=\"https:\/\/vocesparalelas.com.ar\/sitio\/wp-content\/uploads\/2020\/12\/TALLER-CANTO-01.jpg\" alt=\"\" width=\"800\" height=\"480\" srcset=\"https:\/\/vocesparalelas.com.ar\/sitio\/wp-content\/uploads\/2020\/12\/TALLER-CANTO-01.jpg 800w, https:\/\/vocesparalelas.com.ar\/sitio\/wp-content\/uploads\/2020\/12\/TALLER-CANTO-01-300x180.jpg 300w, https:\/\/vocesparalelas.com.ar\/sitio\/wp-content\/uploads\/2020\/12\/TALLER-CANTO-01-768x461.jpg 768w\" sizes=\"auto, (max-width: 800px) 100vw, 800px\" \/><\/p>\n","protected":false},"excerpt":{"rendered":"<p>El reconocido musicoterapeuta y docente Fabricio Montilla abre la convocatoria para su Taller Inicial de Canto, un espacio de formaci\u00f3n<\/p>\n","protected":false},"author":3,"featured_media":40103,"comment_status":"closed","ping_status":"closed","sticky":false,"template":"","format":"standard","meta":{"_acf_changed":false,"_seopress_robots_primary_cat":"none","_seopress_titles_title":"","_seopress_titles_desc":"","_seopress_robots_index":"","colormag_page_container_layout":"default_layout","colormag_page_sidebar_layout":"default_layout","footnotes":""},"categories":[9],"tags":[],"class_list":["post-82500","post","type-post","status-publish","format-standard","has-post-thumbnail","hentry","category-cursos"],"acf":[],"_links":{"self":[{"href":"https:\/\/vocesparalelas.com.ar\/sitio\/wp-json\/wp\/v2\/posts\/82500","targetHints":{"allow":["GET"]}}],"collection":[{"href":"https:\/\/vocesparalelas.com.ar\/sitio\/wp-json\/wp\/v2\/posts"}],"about":[{"href":"https:\/\/vocesparalelas.com.ar\/sitio\/wp-json\/wp\/v2\/types\/post"}],"author":[{"embeddable":true,"href":"https:\/\/vocesparalelas.com.ar\/sitio\/wp-json\/wp\/v2\/users\/3"}],"replies":[{"embeddable":true,"href":"https:\/\/vocesparalelas.com.ar\/sitio\/wp-json\/wp\/v2\/comments?post=82500"}],"version-history":[{"count":1,"href":"https:\/\/vocesparalelas.com.ar\/sitio\/wp-json\/wp\/v2\/posts\/82500\/revisions"}],"predecessor-version":[{"id":82503,"href":"https:\/\/vocesparalelas.com.ar\/sitio\/wp-json\/wp\/v2\/posts\/82500\/revisions\/82503"}],"wp:featuredmedia":[{"embeddable":true,"href":"https:\/\/vocesparalelas.com.ar\/sitio\/wp-json\/wp\/v2\/media\/40103"}],"wp:attachment":[{"href":"https:\/\/vocesparalelas.com.ar\/sitio\/wp-json\/wp\/v2\/media?parent=82500"}],"wp:term":[{"taxonomy":"category","embeddable":true,"href":"https:\/\/vocesparalelas.com.ar\/sitio\/wp-json\/wp\/v2\/categories?post=82500"},{"taxonomy":"post_tag","embeddable":true,"href":"https:\/\/vocesparalelas.com.ar\/sitio\/wp-json\/wp\/v2\/tags?post=82500"}],"curies":[{"name":"wp","href":"https:\/\/api.w.org\/{rel}","templated":true}]}}