{"id":82494,"date":"2025-02-13T20:00:31","date_gmt":"2025-02-13T23:00:31","guid":{"rendered":"https:\/\/vocesparalelas.com.ar\/sitio\/?p=82494"},"modified":"2025-02-17T22:35:27","modified_gmt":"2025-02-18T01:35:27","slug":"exposicion-verano-tech-2025-en-san-juan-cambia-la-fecha-de-cierre","status":"publish","type":"post","link":"https:\/\/vocesparalelas.com.ar\/sitio\/exposicion-verano-tech-2025-en-san-juan-cambia-la-fecha-de-cierre\/","title":{"rendered":"Exposici\u00f3n \u00abVerano Tech 2025\u00bb en San Juan cambia la fecha de cierre"},"content":{"rendered":"<p>Una cita imperdible para disfrutar en familia, el Lunes, 17 de Febrero, de 10 a 12 horas, en Centro Cultural Conte Grand, para disfrutar los aprendizajes y producci\u00f3n de los chicos entre 9 a 18 a\u00f1os del Verano Tech 2025.<\/p>\n<p>El programa que promueve el aprendizaje de nuevas tecnolog\u00edas y que este a\u00f1o convoc\u00f3 a m\u00e1s de 400 participantes, no solo fueron del Gran San Juan, sino que tambi\u00e9n vinieron de departamentos alejados como 25 de Mayo o Caucete, entre otros.<\/p>\n<p>El programa ofreci\u00f3 conocimientos t\u00e9cnicos y, adem\u00e1s, promovi\u00f3 habilidades como el pensamiento l\u00f3gico de la programaci\u00f3n y un trabajo colaborativo en el desarrollo de proyectos tecnol\u00f3gicos a trav\u00e9s de nociones de rob\u00f3tica dibujo tradicional, dibujo digital, impresi\u00f3n 3D o dise\u00f1o de videojuego.<\/p>\n<p>Verano Tech, impulsado por la secretaria de Ciencia, Tecnolog\u00eda e Innovaci\u00f3n del Ministerio de Producci\u00f3n, Trabajo e Innovaci\u00f3n del Gobierno de San Juan busca un impacto directo en la reducci\u00f3n de la brecha digital y en la preparaci\u00f3n de futuras generaciones de sanjuaninos para los desaf\u00edos del mundo digital.<\/p>\n<p><img loading=\"lazy\" decoding=\"async\" class=\"alignnone size-full wp-image-82498\" src=\"https:\/\/vocesparalelas.com.ar\/sitio\/wp-content\/uploads\/2025\/02\/CECI-FRENTE-01.jpg\" alt=\"\" width=\"800\" height=\"493\" srcset=\"https:\/\/vocesparalelas.com.ar\/sitio\/wp-content\/uploads\/2025\/02\/CECI-FRENTE-01.jpg 800w, https:\/\/vocesparalelas.com.ar\/sitio\/wp-content\/uploads\/2025\/02\/CECI-FRENTE-01-300x185.jpg 300w, https:\/\/vocesparalelas.com.ar\/sitio\/wp-content\/uploads\/2025\/02\/CECI-FRENTE-01-768x473.jpg 768w\" sizes=\"auto, (max-width: 800px) 100vw, 800px\" \/><\/p>\n<p>Si bien las actividades se desarrollaron en el Centro de Econom\u00eda del Conocimiento e Innovaci\u00f3n &#8211; CECI -, que es el espacio dise\u00f1ado para incentivar vocaciones en \u00e1reas clave para el desarrollo del futuro productivo de la provincia, el gran cierre ser\u00e1 el en Centro Cultural Conte Grand, Las Heras y San Luis.<\/p>\n<p>&nbsp;<\/p>\n<p><img loading=\"lazy\" decoding=\"async\" class=\"alignnone size-large wp-image-22523\" src=\"https:\/\/vocesparalelas.com.ar\/sitio\/wp-content\/uploads\/2019\/07\/CENTRO-CULTURAL-CONTE-GRAND-800x601.jpg\" alt=\"\" width=\"800\" height=\"601\" srcset=\"https:\/\/vocesparalelas.com.ar\/sitio\/wp-content\/uploads\/2019\/07\/CENTRO-CULTURAL-CONTE-GRAND-800x601.jpg 800w, https:\/\/vocesparalelas.com.ar\/sitio\/wp-content\/uploads\/2019\/07\/CENTRO-CULTURAL-CONTE-GRAND-300x225.jpg 300w, https:\/\/vocesparalelas.com.ar\/sitio\/wp-content\/uploads\/2019\/07\/CENTRO-CULTURAL-CONTE-GRAND-768x577.jpg 768w, https:\/\/vocesparalelas.com.ar\/sitio\/wp-content\/uploads\/2019\/07\/CENTRO-CULTURAL-CONTE-GRAND.jpg 1000w\" sizes=\"auto, (max-width: 800px) 100vw, 800px\" \/><\/p>\n","protected":false},"excerpt":{"rendered":"<p>Una cita imperdible para disfrutar en familia, el Lunes, 17 de Febrero, de 10 a 12 horas, en Centro Cultural<\/p>\n","protected":false},"author":3,"featured_media":81446,"comment_status":"closed","ping_status":"closed","sticky":false,"template":"","format":"standard","meta":{"_acf_changed":false,"_seopress_robots_primary_cat":"none","_seopress_titles_title":"","_seopress_titles_desc":"","_seopress_robots_index":"","colormag_page_container_layout":"default_layout","colormag_page_sidebar_layout":"default_layout","footnotes":""},"categories":[1],"tags":[],"class_list":["post-82494","post","type-post","status-publish","format-standard","has-post-thumbnail","hentry","category-destacadas"],"acf":[],"_links":{"self":[{"href":"https:\/\/vocesparalelas.com.ar\/sitio\/wp-json\/wp\/v2\/posts\/82494","targetHints":{"allow":["GET"]}}],"collection":[{"href":"https:\/\/vocesparalelas.com.ar\/sitio\/wp-json\/wp\/v2\/posts"}],"about":[{"href":"https:\/\/vocesparalelas.com.ar\/sitio\/wp-json\/wp\/v2\/types\/post"}],"author":[{"embeddable":true,"href":"https:\/\/vocesparalelas.com.ar\/sitio\/wp-json\/wp\/v2\/users\/3"}],"replies":[{"embeddable":true,"href":"https:\/\/vocesparalelas.com.ar\/sitio\/wp-json\/wp\/v2\/comments?post=82494"}],"version-history":[{"count":3,"href":"https:\/\/vocesparalelas.com.ar\/sitio\/wp-json\/wp\/v2\/posts\/82494\/revisions"}],"predecessor-version":[{"id":82589,"href":"https:\/\/vocesparalelas.com.ar\/sitio\/wp-json\/wp\/v2\/posts\/82494\/revisions\/82589"}],"wp:featuredmedia":[{"embeddable":true,"href":"https:\/\/vocesparalelas.com.ar\/sitio\/wp-json\/wp\/v2\/media\/81446"}],"wp:attachment":[{"href":"https:\/\/vocesparalelas.com.ar\/sitio\/wp-json\/wp\/v2\/media?parent=82494"}],"wp:term":[{"taxonomy":"category","embeddable":true,"href":"https:\/\/vocesparalelas.com.ar\/sitio\/wp-json\/wp\/v2\/categories?post=82494"},{"taxonomy":"post_tag","embeddable":true,"href":"https:\/\/vocesparalelas.com.ar\/sitio\/wp-json\/wp\/v2\/tags?post=82494"}],"curies":[{"name":"wp","href":"https:\/\/api.w.org\/{rel}","templated":true}]}}