{"id":82490,"date":"2025-02-11T11:55:20","date_gmt":"2025-02-11T14:55:20","guid":{"rendered":"https:\/\/vocesparalelas.com.ar\/sitio\/?p=82490"},"modified":"2025-02-12T11:03:36","modified_gmt":"2025-02-12T14:03:36","slug":"clave-para-pedir-boleto-escolar-y-docente-en-la-redtulum-de-san-juan","status":"publish","type":"post","link":"https:\/\/vocesparalelas.com.ar\/sitio\/clave-para-pedir-boleto-escolar-y-docente-en-la-redtulum-de-san-juan\/","title":{"rendered":"Clave para pedir Boleto Escolar y Docente en la RedTulum de San Juan"},"content":{"rendered":"<p>El Ministerio de Gobierno de San Juan inform\u00f3 a los usuarios de la RedTulum que pueden acceder nuevamente al Boleto Escolar y Docente en el transporte p\u00fablico, desde el Lunes, 10 de Febrero, para hacer uso del beneficio.<\/p>\n<p><span style=\"color: #ff6600;\"><strong>Importante<\/strong><\/span><\/p>\n<ol>\n<li>El boleto rige desde el 10 de febrero de 2025 y se abona con cualquier Tarjeta SUBE (est\u00e9 o no registrada).<\/li>\n<li>Al abordar el colectivo, el estudiante debe indicarle al chofer que desea abonar con boleto escolar (cuya tarifa actual es de $187). Esta aclaraci\u00f3n es necesaria ya que el beneficio aplicado a la tarjeta SUBE registrada en 2024, caduc\u00f3 en diciembre pasado.<\/li>\n<li>Presentar la credencial estudiantil aunque NO est\u00e9 vigente. En caso de no contar con una credencial actualizada se aceptar\u00e1 su uso aunque est\u00e9 vencida, hasta el 31 de marzo de 2025.<\/li>\n<li>Si el estudiante viste uniforme o guardapolvo, no ser\u00e1 necesario presentar la credencial, ya que el chofer deber\u00e1 activar el beneficio a simple vista.<\/li>\n<li>Para evitar inconvenientes, los estudiantes y docentes deber\u00e1n volver a gestionar la credencial, acerc\u00e1ndose por la oficina de la empresa de transporte en la que viaja al establecimiento educativo.<\/li>\n<\/ol>\n<p><strong><span style=\"color: #ff6600;\">Ante cualquier duda, comunicarse con el Ministerio de Gobierno a trav\u00e9s de sus redes sociales:<\/span><\/strong><\/p>\n<p>IG:\u00a0<a href=\"https:\/\/www.instagram.com\/mingobsanjuan\/?hl=en\" target=\"_blank\" rel=\"noopener noreferrer\">mingobsanjuan<\/a><br \/>\nFB:\u00a0<a href=\"https:\/\/facebook.com\/MinGobSanJuan\/\" target=\"_blank\" rel=\"noopener noreferrer\">MinGobSanJuan<\/a><\/p>\n<p>SUBE San Juan\u00a0a trav\u00e9s del correo:\u00a0<span id=\"cloakdf80c684ed16c7eca8d48efdc1fae540\"><a href=\"mailto:info.sube@sanjuan.gov.ar\">info.sube@sanjuan.gov.ar<\/a><\/span><\/p>\n<p>Los\u00a0reclamos\u00a0se pueden realizar\u00a0a trav\u00e9s del Whatsapp de RedTulum\u00a0al 2644592210.<\/p>\n<p>&nbsp;<\/p>\n<p><img loading=\"lazy\" decoding=\"async\" class=\"alignnone size-full wp-image-74417\" src=\"https:\/\/vocesparalelas.com.ar\/sitio\/wp-content\/uploads\/2024\/07\/REDTULUM-LOGO.jpg\" alt=\"\" width=\"800\" height=\"600\" srcset=\"https:\/\/vocesparalelas.com.ar\/sitio\/wp-content\/uploads\/2024\/07\/REDTULUM-LOGO.jpg 800w, https:\/\/vocesparalelas.com.ar\/sitio\/wp-content\/uploads\/2024\/07\/REDTULUM-LOGO-300x225.jpg 300w, https:\/\/vocesparalelas.com.ar\/sitio\/wp-content\/uploads\/2024\/07\/REDTULUM-LOGO-768x576.jpg 768w\" sizes=\"auto, (max-width: 800px) 100vw, 800px\" \/><\/p>\n","protected":false},"excerpt":{"rendered":"<p>El Ministerio de Gobierno de San Juan inform\u00f3 a los usuarios de la RedTulum que pueden acceder nuevamente al Boleto<\/p>\n","protected":false},"author":3,"featured_media":69210,"comment_status":"closed","ping_status":"closed","sticky":false,"template":"","format":"standard","meta":{"_acf_changed":false,"_seopress_robots_primary_cat":"none","_seopress_titles_title":"","_seopress_titles_desc":"","_seopress_robots_index":"","colormag_page_container_layout":"default_layout","colormag_page_sidebar_layout":"default_layout","footnotes":""},"categories":[5],"tags":[],"class_list":["post-82490","post","type-post","status-publish","format-standard","has-post-thumbnail","hentry","category-ofrecimientos"],"acf":[],"_links":{"self":[{"href":"https:\/\/vocesparalelas.com.ar\/sitio\/wp-json\/wp\/v2\/posts\/82490","targetHints":{"allow":["GET"]}}],"collection":[{"href":"https:\/\/vocesparalelas.com.ar\/sitio\/wp-json\/wp\/v2\/posts"}],"about":[{"href":"https:\/\/vocesparalelas.com.ar\/sitio\/wp-json\/wp\/v2\/types\/post"}],"author":[{"embeddable":true,"href":"https:\/\/vocesparalelas.com.ar\/sitio\/wp-json\/wp\/v2\/users\/3"}],"replies":[{"embeddable":true,"href":"https:\/\/vocesparalelas.com.ar\/sitio\/wp-json\/wp\/v2\/comments?post=82490"}],"version-history":[{"count":1,"href":"https:\/\/vocesparalelas.com.ar\/sitio\/wp-json\/wp\/v2\/posts\/82490\/revisions"}],"predecessor-version":[{"id":82493,"href":"https:\/\/vocesparalelas.com.ar\/sitio\/wp-json\/wp\/v2\/posts\/82490\/revisions\/82493"}],"wp:featuredmedia":[{"embeddable":true,"href":"https:\/\/vocesparalelas.com.ar\/sitio\/wp-json\/wp\/v2\/media\/69210"}],"wp:attachment":[{"href":"https:\/\/vocesparalelas.com.ar\/sitio\/wp-json\/wp\/v2\/media?parent=82490"}],"wp:term":[{"taxonomy":"category","embeddable":true,"href":"https:\/\/vocesparalelas.com.ar\/sitio\/wp-json\/wp\/v2\/categories?post=82490"},{"taxonomy":"post_tag","embeddable":true,"href":"https:\/\/vocesparalelas.com.ar\/sitio\/wp-json\/wp\/v2\/tags?post=82490"}],"curies":[{"name":"wp","href":"https:\/\/api.w.org\/{rel}","templated":true}]}}