{"id":82482,"date":"2025-02-10T22:49:54","date_gmt":"2025-02-11T01:49:54","guid":{"rendered":"https:\/\/vocesparalelas.com.ar\/sitio\/?p=82482"},"modified":"2025-02-12T01:16:24","modified_gmt":"2025-02-12T04:16:24","slug":"llegaron-a-el-bolson-el-personal-de-bomberos-de-la-policia-de-san-juan-y-proteccion-civil","status":"publish","type":"post","link":"https:\/\/vocesparalelas.com.ar\/sitio\/llegaron-a-el-bolson-el-personal-de-bomberos-de-la-policia-de-san-juan-y-proteccion-civil\/","title":{"rendered":"Llegaron a El Bols\u00f3n el personal de Bomberos de la Polic\u00eda de San Juan y Protecci\u00f3n Civil"},"content":{"rendered":"<p>Los grupos de Bombero de la Polic\u00eda de San Juan y de la Direcci\u00f3n Protecci\u00f3n Civil llegaron a El Bols\u00f3n para unirse y sumar esfuerzos de extinci\u00f3n de los devastadores incendios forestales que est\u00e1n afectando la regi\u00f3n.<\/p>\n<p>Fueron recibidos c\u00e1lidamente por el ministro de Defensa de la Naci\u00f3n, Dr. Luis Petri, y el gobernador de R\u00edo Negro, Alberto Weretilneck, quienes agradecieron su presencia y disposici\u00f3n para colaborar en esta emergencia.<\/p>\n<p>Estos h\u00e9roes, conocidos por su incansable trabajo y dedicaci\u00f3n, se van a desplegar en los focos de incendios m\u00e1s cr\u00edticos, proporcionando su experiencia y apoyo esencial en la lucha contra las llamas.<\/p>\n<p>El arduo trabajo que realiza el equipo de bomberos y protecci\u00f3n civil no solo refleja su profesionalismo, sino tambi\u00e9n la unidad y el sentido de responsabilidad hacia el bienestar com\u00fan. Sentimos inmensamente orgullosos de contar con un grupo comprometido y valiente, conscientes que su esfuerzo es fundamental para proteger vidas y salvaguardar el ambiente.<\/p>\n<p>&nbsp;<\/p>\n<p><img loading=\"lazy\" decoding=\"async\" class=\"alignnone size-full wp-image-82487\" src=\"https:\/\/vocesparalelas.com.ar\/sitio\/wp-content\/uploads\/2025\/02\/SAN-JUAN-BOMBEROS-03.jpg\" alt=\"\" width=\"800\" height=\"574\" srcset=\"https:\/\/vocesparalelas.com.ar\/sitio\/wp-content\/uploads\/2025\/02\/SAN-JUAN-BOMBEROS-03.jpg 800w, https:\/\/vocesparalelas.com.ar\/sitio\/wp-content\/uploads\/2025\/02\/SAN-JUAN-BOMBEROS-03-300x215.jpg 300w, https:\/\/vocesparalelas.com.ar\/sitio\/wp-content\/uploads\/2025\/02\/SAN-JUAN-BOMBEROS-03-768x551.jpg 768w\" sizes=\"auto, (max-width: 800px) 100vw, 800px\" \/><\/p>\n","protected":false},"excerpt":{"rendered":"<p>Los grupos de Bombero de la Polic\u00eda de San Juan y de la Direcci\u00f3n Protecci\u00f3n Civil llegaron a El Bols\u00f3n<\/p>\n","protected":false},"author":3,"featured_media":82485,"comment_status":"closed","ping_status":"closed","sticky":false,"template":"","format":"standard","meta":{"_acf_changed":false,"_seopress_robots_primary_cat":"none","_seopress_titles_title":"","_seopress_titles_desc":"","_seopress_robots_index":"","colormag_page_container_layout":"default_layout","colormag_page_sidebar_layout":"default_layout","footnotes":""},"categories":[6],"tags":[],"class_list":["post-82482","post","type-post","status-publish","format-standard","has-post-thumbnail","hentry","category-eventos"],"acf":[],"_links":{"self":[{"href":"https:\/\/vocesparalelas.com.ar\/sitio\/wp-json\/wp\/v2\/posts\/82482","targetHints":{"allow":["GET"]}}],"collection":[{"href":"https:\/\/vocesparalelas.com.ar\/sitio\/wp-json\/wp\/v2\/posts"}],"about":[{"href":"https:\/\/vocesparalelas.com.ar\/sitio\/wp-json\/wp\/v2\/types\/post"}],"author":[{"embeddable":true,"href":"https:\/\/vocesparalelas.com.ar\/sitio\/wp-json\/wp\/v2\/users\/3"}],"replies":[{"embeddable":true,"href":"https:\/\/vocesparalelas.com.ar\/sitio\/wp-json\/wp\/v2\/comments?post=82482"}],"version-history":[{"count":1,"href":"https:\/\/vocesparalelas.com.ar\/sitio\/wp-json\/wp\/v2\/posts\/82482\/revisions"}],"predecessor-version":[{"id":82488,"href":"https:\/\/vocesparalelas.com.ar\/sitio\/wp-json\/wp\/v2\/posts\/82482\/revisions\/82488"}],"wp:featuredmedia":[{"embeddable":true,"href":"https:\/\/vocesparalelas.com.ar\/sitio\/wp-json\/wp\/v2\/media\/82485"}],"wp:attachment":[{"href":"https:\/\/vocesparalelas.com.ar\/sitio\/wp-json\/wp\/v2\/media?parent=82482"}],"wp:term":[{"taxonomy":"category","embeddable":true,"href":"https:\/\/vocesparalelas.com.ar\/sitio\/wp-json\/wp\/v2\/categories?post=82482"},{"taxonomy":"post_tag","embeddable":true,"href":"https:\/\/vocesparalelas.com.ar\/sitio\/wp-json\/wp\/v2\/tags?post=82482"}],"curies":[{"name":"wp","href":"https:\/\/api.w.org\/{rel}","templated":true}]}}