{"id":82475,"date":"2025-02-10T23:17:49","date_gmt":"2025-02-11T02:17:49","guid":{"rendered":"https:\/\/vocesparalelas.com.ar\/sitio\/?p=82475"},"modified":"2025-02-11T23:33:29","modified_gmt":"2025-02-12T02:33:29","slug":"propuesta-del-gobierno-de-san-juan-en-la-primera-reunion-paritaria-docente-2025","status":"publish","type":"post","link":"https:\/\/vocesparalelas.com.ar\/sitio\/propuesta-del-gobierno-de-san-juan-en-la-primera-reunion-paritaria-docente-2025\/","title":{"rendered":"Propuesta del Gobierno de San Juan en la primera reuni\u00f3n Paritaria Docente 2025"},"content":{"rendered":"<p>Tal como estuvo previsto, el Lunes, 10 de Febrero,\u00a0 en la Sala de Reuni\u00f3n del Ministerio de Educaci\u00f3n, del Centro C\u00edvico se desarroll\u00f3 la primera reuni\u00f3n Paritaria Docente 2025, respondiendo al compromiso del Gobierno de San Juan.<\/p>\n<p>La reuni\u00f3n fue presidida por el ministro de Econom\u00eda, Finanzas y Hacienda, CPN Roberto Guti\u00e9rrez y la ministra de Educaci\u00f3n, Lic. Silvia Fuentes junto a los representantes de los Gremios Docentes de San Juan UDAP, UDA y AMET.<\/p>\n<p>En este contexto, el Ejecutivo provincial present\u00f3 la propuesta de incremento salarial para los docentes, con el objetivo de continuar mejorando el salario de los empleados estatales en l\u00ednea con los incrementos otorgados en 2024.<\/p>\n<p><span style=\"color: #ff6600;\"><strong>Propuesta del Gobierno de San Juan<\/strong><\/span><\/p>\n<ul>\n<li>Incremento salarial seg\u00fan la inflaci\u00f3n tom\u00e1ndose como base el salario de Enero y aplicando el IPC para el mes de Febrero y Marzo de 2025.<\/li>\n<li>Mejora adicional en el coeficiente del E60, que pasar\u00e1 de 37 puntos a 39 puntos, beneficiando espec\u00edficamente al sector docente.<\/li>\n<\/ul>\n<p>Durante la reuni\u00f3n, el ministro de Econom\u00eda, Finanzas y Hacienda, CPN Roberto Guti\u00e9rrez realiz\u00f3 una puesta en com\u00fan sobre los n\u00fameros de la provincia, abordando la recaudaci\u00f3n y la evoluci\u00f3n salarial en 2024 y explic\u00f3 mediante una elaborada exposici\u00f3n en la cual desarrolla: Contexto econ\u00f3mico anual; Pol\u00edtica salarial a\u00f1o 2024; Evoluci\u00f3n de los aumentos de sueldos; Bonos; Asignaciones familiares; Pol\u00edtica especial sector Docente; An\u00e1lisis de la masa salarial completa hacia un panorama 2025.<\/p>\n<p>Luego, tom\u00f3 la palabra el Secretario de la Gobernaci\u00f3n, Lic. Emilio Achem quien manifiesta el inter\u00e9s del Gobierno en profundizar los programas educativos que se est\u00e1n implementando para mejorar la calidad educativa, como Comprendo y Aprendo, Transformar Secundaria, etc. Menciona as\u00ed mismo el logro que signific\u00f3 para el sector docente la suba en el nomenclador de 42 puntos que hizo esta gesti\u00f3n de Gobierno en el a\u00f1o 2024, marcando un hito hist\u00f3rico, ya que en los\u00a0\u00faltimos 10 a\u00f1os, s\u00f3lo se hab\u00edan aumentado 7 puntos. Por otro lado tambi\u00e9n recuerda que el Gobierno provincial actualmente sigue afrontando gastos que a\u00f1os anteriores subsidiaba Naci\u00f3n.<\/p>\n<p><strong><span style=\"color: #ff6600;\">Propuesta m\u00e1s explicativa<\/span><\/strong><\/p>\n<p>Sin perjuicio de lo expresado por el Gobierno, la parte gremial deja constancia que la inflaci\u00f3n diciembre 2023 no fue atendida del modo pactado en la paritaria vigente en ese entonces, lo que a la fecha ha significado una p\u00e9rdida real del valor del salario y de su poder adquisitivo.<\/p>\n<p>Despu\u00e9s de un largo debate, la parte empleadora realiza una propuesta salarial para el bimestre de Febrero y Marzo 2025 con un incremento distribuido de la siguiente manera:<\/p>\n<ul>\n<li>Incrementar el valor \u00edndice, para Febrero 2025, aplicando el coeficiente de variaci\u00f3n del \u00edndice I.P.C- \u00cdndice de Precios al Consumidor &#8211; publicado por INDEC, del mes anterior.<\/li>\n<li>Incrementar el valor \u00edndice, para Marzo 2025, aplicando el coeficiente de variaci\u00f3n del \u00edndice I.P.C &#8211; \u00cdndice de Precios al Consumidor &#8211; publicado por r INDECI del mes anterior. Incrementar en 2 puntos el C\u00f3digo E 60, quedando el mismo en 39 puntos por valor \u00edndice desde el mes de Febrero 2025.<\/li>\n<\/ul>\n<p>Ante esta propuesta las partes deciden\u00a0 pasar a un cuarto intermedio para el Mi\u00e9rcoles, 12 de Febrero a las 17 hs. para que los gremios consulten a las bases y traigan una respuesta y si es necesario continuar con las negociaciones.<\/p>\n<p>&nbsp;<\/p>\n<p><img loading=\"lazy\" decoding=\"async\" class=\"alignnone size-full wp-image-28629\" src=\"https:\/\/vocesparalelas.com.ar\/sitio\/wp-content\/uploads\/2020\/05\/MINISTERIO-EDUCACION-SJ.jpg\" alt=\"\" width=\"800\" height=\"533\" srcset=\"https:\/\/vocesparalelas.com.ar\/sitio\/wp-content\/uploads\/2020\/05\/MINISTERIO-EDUCACION-SJ.jpg 800w, https:\/\/vocesparalelas.com.ar\/sitio\/wp-content\/uploads\/2020\/05\/MINISTERIO-EDUCACION-SJ-300x200.jpg 300w, https:\/\/vocesparalelas.com.ar\/sitio\/wp-content\/uploads\/2020\/05\/MINISTERIO-EDUCACION-SJ-768x512.jpg 768w\" sizes=\"auto, (max-width: 800px) 100vw, 800px\" \/><\/p>\n","protected":false},"excerpt":{"rendered":"<p>Tal como estuvo previsto, el Lunes, 10 de Febrero,\u00a0 en la Sala de Reuni\u00f3n del Ministerio de Educaci\u00f3n, del Centro<\/p>\n","protected":false},"author":3,"featured_media":82478,"comment_status":"closed","ping_status":"closed","sticky":false,"template":"","format":"standard","meta":{"_acf_changed":false,"_seopress_robots_primary_cat":"none","_seopress_titles_title":"","_seopress_titles_desc":"","_seopress_robots_index":"","colormag_page_container_layout":"default_layout","colormag_page_sidebar_layout":"default_layout","footnotes":""},"categories":[5],"tags":[],"class_list":["post-82475","post","type-post","status-publish","format-standard","has-post-thumbnail","hentry","category-ofrecimientos"],"acf":[],"_links":{"self":[{"href":"https:\/\/vocesparalelas.com.ar\/sitio\/wp-json\/wp\/v2\/posts\/82475","targetHints":{"allow":["GET"]}}],"collection":[{"href":"https:\/\/vocesparalelas.com.ar\/sitio\/wp-json\/wp\/v2\/posts"}],"about":[{"href":"https:\/\/vocesparalelas.com.ar\/sitio\/wp-json\/wp\/v2\/types\/post"}],"author":[{"embeddable":true,"href":"https:\/\/vocesparalelas.com.ar\/sitio\/wp-json\/wp\/v2\/users\/3"}],"replies":[{"embeddable":true,"href":"https:\/\/vocesparalelas.com.ar\/sitio\/wp-json\/wp\/v2\/comments?post=82475"}],"version-history":[{"count":3,"href":"https:\/\/vocesparalelas.com.ar\/sitio\/wp-json\/wp\/v2\/posts\/82475\/revisions"}],"predecessor-version":[{"id":82481,"href":"https:\/\/vocesparalelas.com.ar\/sitio\/wp-json\/wp\/v2\/posts\/82475\/revisions\/82481"}],"wp:featuredmedia":[{"embeddable":true,"href":"https:\/\/vocesparalelas.com.ar\/sitio\/wp-json\/wp\/v2\/media\/82478"}],"wp:attachment":[{"href":"https:\/\/vocesparalelas.com.ar\/sitio\/wp-json\/wp\/v2\/media?parent=82475"}],"wp:term":[{"taxonomy":"category","embeddable":true,"href":"https:\/\/vocesparalelas.com.ar\/sitio\/wp-json\/wp\/v2\/categories?post=82475"},{"taxonomy":"post_tag","embeddable":true,"href":"https:\/\/vocesparalelas.com.ar\/sitio\/wp-json\/wp\/v2\/tags?post=82475"}],"curies":[{"name":"wp","href":"https:\/\/api.w.org\/{rel}","templated":true}]}}