{"id":82406,"date":"2025-02-08T19:43:19","date_gmt":"2025-02-08T22:43:19","guid":{"rendered":"https:\/\/vocesparalelas.com.ar\/sitio\/?p=82406"},"modified":"2025-02-10T14:11:42","modified_gmt":"2025-02-10T17:11:42","slug":"el-complot-de-la-cobardia-y-la-avaricia","status":"publish","type":"post","link":"https:\/\/vocesparalelas.com.ar\/sitio\/el-complot-de-la-cobardia-y-la-avaricia\/","title":{"rendered":"El complot de la cobard\u00eda y la avaricia"},"content":{"rendered":"<p>Por el Arzobispo de San Juan de Cuyo, Monse\u00f1or Jorge Lozano<\/p>\n<p>Cada una por separado es nefasta. Pero cuando se dan la mano estamos ante un peligro grave. Suelen habitar en corazones secos de principios y valores.<\/p>\n<p>Una es indolente y quiere salvar el propio pellejo. No arriesga ni se compromete. Se achica ante el poder, se justifica por sus limitaciones, se adormece en la impotencia, se encoge de hombros y se lava las manos.<\/p>\n<p>La otra busca el beneficio econ\u00f3mico a cualquier precio. Cada delito es visto como una inversi\u00f3n rentable de acuerdo a la oferta y la demanda. \u201c\u00bfQuer\u00e9s droga?\u201d, ten\u00e9s droga. \u201c\u00bfQuer\u00e9s un arma?\u201d, ten\u00e9s un arma, seas un vecino que se quiere defender ante la inseguridad, o un delincuente que quiere robar. Tampoco le importa la edad del comprador, ni si obra movido por la adicci\u00f3n; no es su problema. \u201c\u00bfQuer\u00e9s sexo?\u201d, ten\u00e9s sexo con la edad que quieras, mientras pagues.<\/p>\n<p>Las mafias del crimen organizado mueven cuantiosas sumas de dinero. Enga\u00f1an, secuestran, torturan, someten. Cerca del 90% de las v\u00edctimas son mujeres: ni\u00f1as, adolescentes, j\u00f3venes. Son captadas con falsas promesas de trabajo y estudio. A esto se suman secuestros al boleo, como cuando entra un zorro en el gallinero y agarra lo primero que puede. Tambi\u00e9n hay raptos en estaciones de \u00f3mnibus o tren, a la salida de la escuela, el club o el boliche. Les retienen los documentos para que no se puedan ir.<\/p>\n<p>Unos son oprimidos con trabajo esclavo. Talleres textiles en ciudad de BA conocidos como de cama caliente, donde trabajan por la comida, confeccionando ropa con marcas truchas. En zonas rurales duermen a la intemperie o en galpones en los cuales no se guarda ni el ganado.<\/p>\n<p>Otras v\u00edctimas son dedicadas a la prostituci\u00f3n infantil y adolescente, incluyendo redes de pornograf\u00eda. Las ofrecen en las rutas, los hoteles de lujo o en las calles. Muy bien controlados con amenazas de matar a alguien de la familia si se llegan a escapar.<\/p>\n<p>Y no falta el tr\u00e1fico de \u00f3rganos, con extracci\u00f3n seguida de muerte. En todos estos atropellos vemos el Cuerpo de Cristo avasallado, humillado, vejado.\u00a0 Son sus heridas abiertas que manan sangre inocente.<\/p>\n<p>El Profeta Isa\u00edas, siglos antes de Jes\u00fas denunciaba a parte de su pueblo con palabras que tenemos que gritar hoy: \u201clas manos de ustedes est\u00e1n manchadas de sangre y sus dedos de iniquidad; sus labios dicen mentiras, sus lenguas murmuran perfidias (\u2026). Sus obras son obras de maldad y en sus manos no hay m\u00e1s que violencia; sus pies corren hacia el mal; se apresuran para derramar sangre inocente\u201d (Is 59, 1-7)<\/p>\n<p>A veces estos atropellos ocupan espacio en los medios de comunicaci\u00f3n y redes sociales. Pero al poco tiempo las v\u00edctimas caen en el olvido. Se vuelven invisibles, descartables.<\/p>\n<p>Ayer, 8 de febrero, fue la memoria de Santa Josefina Bakhita, secuestrada cuando ten\u00eda entre 7 a 9 a\u00f1os, y obligada a caminar descalza casi 1000 kil\u00f3metros. Fue esclavizada y vendida en 5 oportunidades, siempre torturada y maltratada, salvo la \u00faltima vez.<\/p>\n<p>Naci\u00f3 el a\u00f1o 1869 en Sud\u00e1n. Muri\u00f3 el 8 de febrero de 1947 a los 78 a\u00f1os de edad. Por el trauma que le ocasion\u00f3 el secuestro y las torturas olvid\u00f3 su nombre, y los secuestradores le apodaron ir\u00f3nicamente \u201cbakhita\u201d, que en su lengua nativa significa \u201cafortunada\u201d.<\/p>\n<p>Bautizada cerca de los 21 a\u00f1os, eligi\u00f3 llamarse Josefina \u201cafortunada\u201d (bakhita), ahora por elecci\u00f3n propia. Cuando conoci\u00f3 la fe cristiana, se sinti\u00f3 y supo amada por Jes\u00fas, que tambi\u00e9n fue azotado y torturado, y ahora la abraza a la derecha del Padre. Dec\u00eda \u201cDios me ama y me quiere feliz\u201d. Tuvo la esperanza puesta en Jes\u00fas Amor.<\/p>\n<p>Acojamos con compromiso este llamado y \u201cso\u00f1emos como una \u00fanica humanidad, como caminantes de la misma carne humana, como hijos de esta misma tierra [\u2026] todos hermanos\u201d (Papa Francisco FT, 8).<\/p>\n<p>Ma\u00f1ana, 10 de febrero cumplo 70 a\u00f1os de edad. Doy gracias a Dios por el don de la vida, la familia, los amigos, su amor, la vocaci\u00f3n. Rez\u00e1 para que viva con un coraz\u00f3n generoso en la entrega.<\/p>\n<p>&nbsp;<\/p>\n<p><iframe loading=\"lazy\" title=\"SAN JUAN MONSE\u00d1OR JORGE LOZANO\" width=\"800\" height=\"450\" src=\"https:\/\/www.youtube.com\/embed\/46njdZ2bybE?feature=oembed\" frameborder=\"0\" allow=\"accelerometer; autoplay; clipboard-write; encrypted-media; gyroscope; picture-in-picture; web-share\" referrerpolicy=\"strict-origin-when-cross-origin\" allowfullscreen><\/iframe><\/p>\n<p>&nbsp;<\/p>\n<p><img loading=\"lazy\" decoding=\"async\" class=\"alignnone size-full wp-image-61416\" src=\"https:\/\/vocesparalelas.com.ar\/sitio\/wp-content\/uploads\/2023\/07\/ARZOBISPADO-EDIFICIO.jpg\" alt=\"\" width=\"800\" height=\"600\" srcset=\"https:\/\/vocesparalelas.com.ar\/sitio\/wp-content\/uploads\/2023\/07\/ARZOBISPADO-EDIFICIO.jpg 800w, https:\/\/vocesparalelas.com.ar\/sitio\/wp-content\/uploads\/2023\/07\/ARZOBISPADO-EDIFICIO-300x225.jpg 300w, https:\/\/vocesparalelas.com.ar\/sitio\/wp-content\/uploads\/2023\/07\/ARZOBISPADO-EDIFICIO-768x576.jpg 768w\" sizes=\"auto, (max-width: 800px) 100vw, 800px\" \/><\/p>\n","protected":false},"excerpt":{"rendered":"<p>Por el Arzobispo de San Juan de Cuyo, Monse\u00f1or Jorge Lozano Cada una por separado es nefasta. Pero cuando se<\/p>\n","protected":false},"author":3,"featured_media":81112,"comment_status":"closed","ping_status":"closed","sticky":false,"template":"","format":"standard","meta":{"_acf_changed":false,"_seopress_robots_primary_cat":"none","_seopress_titles_title":"","_seopress_titles_desc":"","_seopress_robots_index":"","colormag_page_container_layout":"default_layout","colormag_page_sidebar_layout":"default_layout","footnotes":""},"categories":[10,7],"tags":[],"class_list":["post-82406","post","type-post","status-publish","format-standard","has-post-thumbnail","hentry","category-opiniones","category-videos"],"acf":[],"_links":{"self":[{"href":"https:\/\/vocesparalelas.com.ar\/sitio\/wp-json\/wp\/v2\/posts\/82406","targetHints":{"allow":["GET"]}}],"collection":[{"href":"https:\/\/vocesparalelas.com.ar\/sitio\/wp-json\/wp\/v2\/posts"}],"about":[{"href":"https:\/\/vocesparalelas.com.ar\/sitio\/wp-json\/wp\/v2\/types\/post"}],"author":[{"embeddable":true,"href":"https:\/\/vocesparalelas.com.ar\/sitio\/wp-json\/wp\/v2\/users\/3"}],"replies":[{"embeddable":true,"href":"https:\/\/vocesparalelas.com.ar\/sitio\/wp-json\/wp\/v2\/comments?post=82406"}],"version-history":[{"count":1,"href":"https:\/\/vocesparalelas.com.ar\/sitio\/wp-json\/wp\/v2\/posts\/82406\/revisions"}],"predecessor-version":[{"id":82409,"href":"https:\/\/vocesparalelas.com.ar\/sitio\/wp-json\/wp\/v2\/posts\/82406\/revisions\/82409"}],"wp:featuredmedia":[{"embeddable":true,"href":"https:\/\/vocesparalelas.com.ar\/sitio\/wp-json\/wp\/v2\/media\/81112"}],"wp:attachment":[{"href":"https:\/\/vocesparalelas.com.ar\/sitio\/wp-json\/wp\/v2\/media?parent=82406"}],"wp:term":[{"taxonomy":"category","embeddable":true,"href":"https:\/\/vocesparalelas.com.ar\/sitio\/wp-json\/wp\/v2\/categories?post=82406"},{"taxonomy":"post_tag","embeddable":true,"href":"https:\/\/vocesparalelas.com.ar\/sitio\/wp-json\/wp\/v2\/tags?post=82406"}],"curies":[{"name":"wp","href":"https:\/\/api.w.org\/{rel}","templated":true}]}}