{"id":82397,"date":"2025-02-08T11:18:13","date_gmt":"2025-02-08T14:18:13","guid":{"rendered":"https:\/\/vocesparalelas.com.ar\/sitio\/?p=82397"},"modified":"2025-02-10T22:36:12","modified_gmt":"2025-02-11T01:36:12","slug":"primera-reunion-del-gabinete-provincial-2025-de-san-juan","status":"publish","type":"post","link":"https:\/\/vocesparalelas.com.ar\/sitio\/primera-reunion-del-gabinete-provincial-2025-de-san-juan\/","title":{"rendered":"Primera reuni\u00f3n del Gabinete Provincial 2025 de San Juan"},"content":{"rendered":"<p>El gobernador de San Juan, Dr. Marcelo Orrego convoc\u00f3 y presidi\u00f3 la primera reuni\u00f3n del Gabinete Provincial 2025, en el Centro C\u00edvico.<\/p>\n<p>En ja reuni\u00f3n participaron los ministros del Ejecutivo de San Juan y se defini\u00f3 los principales ejes de gesti\u00f3n 2025 , con el objetivo de continuar avanzando en el desarrollo de la provincia y en la mejora de la calidad de vida de sus habitantes.<\/p>\n<p>Por ello, el gobernador de San Juan, Dr. Marcelo Orrego destac\u00f3 que \u00abla importancia del trabajo en equipo y la articulaci\u00f3n de pol\u00edticas p\u00fablicas para lograr una gesti\u00f3n eficiente y cercana a la gente. El desaf\u00edo es grande, pero tenemos la responsabilidad y el compromiso de seguir construyendo un San Juan con m\u00e1s oportunidades. La clave est\u00e1 en la coordinaci\u00f3n entre las distintas \u00e1reas para que cada acci\u00f3n tenga impacto real en la vida de los sanjuaninos\u00bb.<\/p>\n<p>Los temas abordados en el encuentro incluyeron la continuidad del plan de obras p\u00fablicas\u00a0 2025, Educaci\u00f3n, Salud e Infraestructura vial para la provincia, el desarrollo minero, agr\u00edcola, industrial, de servicios y la articulaci\u00f3n con el sector privado y la optimizaci\u00f3n de los recursos econ\u00f3micos para garantizar una administraci\u00f3n eficiente, entre otros.<\/p>\n<p><img loading=\"lazy\" decoding=\"async\" class=\"alignnone size-full wp-image-65642\" src=\"https:\/\/vocesparalelas.com.ar\/sitio\/wp-content\/uploads\/2023\/11\/GOBIERNO-SAN-JUAN.jpg\" alt=\"\" width=\"800\" height=\"600\" srcset=\"https:\/\/vocesparalelas.com.ar\/sitio\/wp-content\/uploads\/2023\/11\/GOBIERNO-SAN-JUAN.jpg 800w, https:\/\/vocesparalelas.com.ar\/sitio\/wp-content\/uploads\/2023\/11\/GOBIERNO-SAN-JUAN-300x225.jpg 300w, https:\/\/vocesparalelas.com.ar\/sitio\/wp-content\/uploads\/2023\/11\/GOBIERNO-SAN-JUAN-768x576.jpg 768w\" sizes=\"auto, (max-width: 800px) 100vw, 800px\" \/><\/p>\n","protected":false},"excerpt":{"rendered":"<p>El gobernador de San Juan, Dr. Marcelo Orrego convoc\u00f3 y presidi\u00f3 la primera reuni\u00f3n del Gabinete Provincial 2025, en el<\/p>\n","protected":false},"author":3,"featured_media":82400,"comment_status":"closed","ping_status":"closed","sticky":false,"template":"","format":"standard","meta":{"_acf_changed":false,"_seopress_robots_primary_cat":"none","_seopress_titles_title":"","_seopress_titles_desc":"","_seopress_robots_index":"","colormag_page_container_layout":"default_layout","colormag_page_sidebar_layout":"default_layout","footnotes":""},"categories":[10],"tags":[],"class_list":["post-82397","post","type-post","status-publish","format-standard","has-post-thumbnail","hentry","category-opiniones"],"acf":[],"_links":{"self":[{"href":"https:\/\/vocesparalelas.com.ar\/sitio\/wp-json\/wp\/v2\/posts\/82397","targetHints":{"allow":["GET"]}}],"collection":[{"href":"https:\/\/vocesparalelas.com.ar\/sitio\/wp-json\/wp\/v2\/posts"}],"about":[{"href":"https:\/\/vocesparalelas.com.ar\/sitio\/wp-json\/wp\/v2\/types\/post"}],"author":[{"embeddable":true,"href":"https:\/\/vocesparalelas.com.ar\/sitio\/wp-json\/wp\/v2\/users\/3"}],"replies":[{"embeddable":true,"href":"https:\/\/vocesparalelas.com.ar\/sitio\/wp-json\/wp\/v2\/comments?post=82397"}],"version-history":[{"count":1,"href":"https:\/\/vocesparalelas.com.ar\/sitio\/wp-json\/wp\/v2\/posts\/82397\/revisions"}],"predecessor-version":[{"id":82401,"href":"https:\/\/vocesparalelas.com.ar\/sitio\/wp-json\/wp\/v2\/posts\/82397\/revisions\/82401"}],"wp:featuredmedia":[{"embeddable":true,"href":"https:\/\/vocesparalelas.com.ar\/sitio\/wp-json\/wp\/v2\/media\/82400"}],"wp:attachment":[{"href":"https:\/\/vocesparalelas.com.ar\/sitio\/wp-json\/wp\/v2\/media?parent=82397"}],"wp:term":[{"taxonomy":"category","embeddable":true,"href":"https:\/\/vocesparalelas.com.ar\/sitio\/wp-json\/wp\/v2\/categories?post=82397"},{"taxonomy":"post_tag","embeddable":true,"href":"https:\/\/vocesparalelas.com.ar\/sitio\/wp-json\/wp\/v2\/tags?post=82397"}],"curies":[{"name":"wp","href":"https:\/\/api.w.org\/{rel}","templated":true}]}}